{"id":3182,"date":"2025-06-24T14:39:56","date_gmt":"2025-06-24T12:39:56","guid":{"rendered":"https:\/\/www.worwani.eu\/?p=3182"},"modified":"2025-06-24T14:39:58","modified_gmt":"2025-06-24T12:39:58","slug":"letni-voda-2025","status":"publish","type":"post","link":"https:\/\/www.worwani.eu\/?p=3182","title":{"rendered":"Letn\u00ed voda 2025"},"content":{"rendered":"\n<p>P\u0159\u00e1tel\u00e9, kamar\u00e1di<\/p>\n\n\n\n<p>Zhruba za t\u0159i t\u00fddny vyr\u00e1\u017e\u00edme na vodu, bylo by tedy asi dobr\u00e9 aspo\u0148 p\u0159ibli\u017en\u011b tu\u0161it kam pojedeme a co tam budeme d\u011blat. Pokud to n\u011bkdo nev\u00edte, dohodli jsme se, \u017ee n\u00e1m stoj\u00ed za to zopakovat si a trochu i pozm\u011bnit z\u00e1jezd na Oravu a V\u00e1h. To\u017e jsem trochu p\u0159em\u00fd\u0161lel a zat\u00edm jen \u010dist\u011b orienta\u010dn\u011b p\u00e1r n\u00e1vrh\u016f:<\/p>\n\n\n\n<p>Sejdeme se v <strong>sobotu<\/strong> 19.7. v kempu Tilia pobl\u00ed\u017e Doln\u00e9ho Kub\u00edna.<\/p>\n\n\n\n<p>V <strong>ned\u011bli<\/strong> bych to vid\u011bl na v\u00fdjezd auty nahoru do Podbielu (necel\u00fdch 30 km) a pak lo\u010fmo dol\u016f. Kon\u010dil bych n\u011bkde u Oravsk\u00e9ho Podz\u00e1mku \u2013 cca 17 km. V Sedliack\u00e9 Dubov\u00e9 je n\u011bjak\u00e1 stanovac\u00ed louka, to\u017e bychom tam mohli aji zakempit a r\u00e1no odtud pokra\u010dovat. Teoreticky bychom se v sobotu mohli sej\u00edt i tady, \u00fadajn\u011b se tu nic neplat\u00ed, ale je tady jen kadibouda a pramen a nav\u00edc bychom v ned\u011bli stejn\u011b museli v\u0161echno sbalit, proto\u017ee to nikdo nehl\u00edd\u00e1\u2026 Nebo poka\u017ed\u00e9 dojet do t\u00e9 Tilie \u2013 nen\u00ed to tak daleko. To se prost\u011b domluv\u00edme.<\/p>\n\n\n\n<p>V <strong>pond\u011bl\u00ed<\/strong> bych ka\u017edop\u00e1dn\u011b pokra\u010doval odtud do kempu Tilia \u2013 cca 16 km<\/p>\n\n\n\n<p>V <strong>\u00fater\u00fd<\/strong> bych mo\u017en\u00e1 nechal den volna, bo nedok\u00e1\u017eu vymyslet v\u00edc jak 5 dn\u00ed na vod\u011b bez n\u011bjak\u00fdho dal\u0161\u00edho s\u00e1hodlouh\u00fdho p\u0159ejezdu. Ale to asi neva, ne? Jen \u2013 vejletn\u00edci po Mal\u00fd Fat\u0159e \u2013 bacha na medv\u011bdi!!!<\/p>\n\n\n\n<p>Ve <strong>st\u0159edu <\/strong>bych dorazil Oravu do Kr\u00e1\u013eovan \u2013 asi 15 km. Nebo to m\u016f\u017eem samoz\u0159ejm\u011b ud\u011blat vobr\u00e1cen\u011b, spl\u00e1chnout za 3 dny Oravu a pak si d\u00e1chnout. Jak se domluv\u00edme, tak bude \ud83d\ude42<\/p>\n\n\n\n<p>Tady u\u017e by asi d\u00e1valo smysl p\u0159esunout se do na\u0161eho obl\u00edben\u00e9ho autokempu Var\u00edn (ano, to je ten, jak tam na recepci sed\u011bli blb\u00e1 s blb\u011bj\u0161\u00edm a na\u0161e nacion\u00e1le tesali majzlikem do kamennejch desek)<\/p>\n\n\n\n<p>Ve <strong>\u010dtvrtek<\/strong> bych to vid\u011bl tak, \u017ee se popovezem proti proudu V\u00e1hu n\u011bkam k Ru\u017eomberoku a splujem zp\u00e1tky do Kr\u00e1\u013eovan. Bude to plus m\u00ednus 14 kilometr\u016f<\/p>\n\n\n\n<p><strong>P\u00e1tek<\/strong> bych v\u011bnoval na\u0161\u00ed obl\u00edben\u00e9 trase Vr\u016ftky \u2013 Stre\u010dno s t\u00edm, \u017ee se pokus\u00edm vymyslet logi\u010dt\u011bj\u0161\u00ed n\u00e1stup i v\u00fdstup. Bude to n\u011bjak\u00fdch 12 km.<\/p>\n\n\n\n<p>Opakuju, \u017ee tohle absolutn\u011b nen\u00ed z\u00e1vazn\u00fd, je to sp\u00ed\u0161 materi\u00e1l k opracov\u00e1n\u00ed. Zkus\u00edm n\u011bkde vyp\u00e1trat, jestli po\u0159\u00e1d je\u0161t\u011b plat\u00ed, \u017ee Oravu o pr\u00e1zdnin\u00e1ch pou\u0161t\u011bj\u00ed opravdu ka\u017ed\u00fd den, abychom tam pak nekoukali na pr\u00e1zdn\u00e9 koryto.<\/p>\n\n\n\n<p>Tak \u2013 kdo k tomu co m\u00e1te, vyj\u00e1d\u0159ete se \ud83d\ude42<\/p>\n","protected":false},"excerpt":{"rendered":"<p>P\u0159\u00e1tel\u00e9, kamar\u00e1di<\/p>\n<p>Zhruba za t\u0159i t\u00fddny vyr\u00e1\u017e\u00edme na vodu, bylo by tedy asi dobr\u00e9 aspo\u0148 p\u0159ibli\u017en\u011b tu\u0161it kam pojedeme a co tam budeme d\u011blat. Pokud to n\u011bkdo nev\u00edte, dohodli jsme se, \u017ee n\u00e1m stoj\u00ed za to zopakovat si a trochu i pozm\u011bnit z\u00e1jezd na Oravu a V\u00e1h. To\u017e jsem trochu p\u0159em\u00fd\u0161lel a zat\u00edm jen \u010dist\u011b orienta\u010dn\u011b p\u00e1r n\u00e1vrh\u016f:<\/p>\n<p>Sejdeme se v <strong>sobotu<\/strong> 19.7. v kempu Tilia pobl\u00ed\u017e Doln\u00e9ho Kub\u00edna.<\/p>\n<p>V <strong>ned\u011bli<\/strong> bych to vid\u011bl na v\u00fdjezd auty nahoru do Podbielu (necel\u00fdch 30 km) a pak lo\u010fmo dol\u016f. Kon\u010dil bych n\u011bkde u Oravsk\u00e9ho Podz\u00e1mku \u2013 cca 17 km. V Sedliack\u00e9 Dubov\u00e9  \u2026 <a href=\"https:\/\/www.worwani.eu\/?p=3182\">pro pokra\u010dov\u00e1n\u00ed ve \u010dten\u00ed klikn\u011bte tady&#8230; <span class=\"meta-nav\">&rarr; <\/span><\/a><\/p>\n","protected":false},"author":2,"featured_media":0,"comment_status":"open","ping_status":"closed","sticky":false,"template":"","format":"standard","meta":{"_bbp_topic_count":0,"_bbp_reply_count":0,"_bbp_total_topic_count":0,"_bbp_total_reply_count":0,"_bbp_voice_count":0,"_bbp_anonymous_reply_count":0,"_bbp_topic_count_hidden":0,"_bbp_reply_count_hidden":0,"_bbp_forum_subforum_count":0,"footnotes":""},"categories":[1,6],"tags":[],"class_list":["post-3182","post","type-post","status-publish","format-standard","hentry","category-nezarazene","category-novinky"],"_links":{"self":[{"href":"https:\/\/www.worwani.eu\/index.php?rest_route=\/wp\/v2\/posts\/3182","targetHints":{"allow":["GET"]}}],"collection":[{"href":"https:\/\/www.worwani.eu\/index.php?rest_route=\/wp\/v2\/posts"}],"about":[{"href":"https:\/\/www.worwani.eu\/index.php?rest_route=\/wp\/v2\/types\/post"}],"author":[{"embeddable":true,"href":"https:\/\/www.worwani.eu\/index.php?rest_route=\/wp\/v2\/users\/2"}],"replies":[{"embeddable":true,"href":"https:\/\/www.worwani.eu\/index.php?rest_route=%2Fwp%2Fv2%2Fcomments&post=3182"}],"version-history":[{"count":1,"href":"https:\/\/www.worwani.eu\/index.php?rest_route=\/wp\/v2\/posts\/3182\/revisions"}],"predecessor-version":[{"id":3183,"href":"https:\/\/www.worwani.eu\/index.php?rest_route=\/wp\/v2\/posts\/3182\/revisions\/3183"}],"wp:attachment":[{"href":"https:\/\/www.worwani.eu\/index.php?rest_route=%2Fwp%2Fv2%2Fmedia&parent=3182"}],"wp:term":[{"taxonomy":"category","embeddable":true,"href":"https:\/\/www.worwani.eu\/index.php?rest_route=%2Fwp%2Fv2%2Fcategories&post=3182"},{"taxonomy":"post_tag","embeddable":true,"href":"https:\/\/www.worwani.eu\/index.php?rest_route=%2Fwp%2Fv2%2Ftags&post=3182"}],"curies":[{"name":"wp","href":"https:\/\/api.w.org\/{rel}","templated":true}]}}