{"id":3120,"date":"2025-05-28T21:46:07","date_gmt":"2025-05-28T19:46:07","guid":{"rendered":"https:\/\/www.worwani.eu\/?p=3120"},"modified":"2025-05-30T12:34:04","modified_gmt":"2025-05-30T10:34:04","slug":"worwani-na-dunaji","status":"publish","type":"post","link":"https:\/\/www.worwani.eu\/?p=3120","title":{"rendered":"WorWan\u00ed na Dunaji"},"content":{"rendered":"\n<div class=\"wp-block-group is-nowrap is-layout-flex wp-container-core-group-is-layout-ad2f72ca wp-block-group-is-layout-flex\">\n<p class=\"has-text-align-left\">Leto\u0161n\u00ed jaro bylo z na\u0161eho, WorWan\u00edho, pohledu trochu zvl\u00e1\u0161tn\u00ed. Kdy\u017e jsme se za\u010dali poohl\u00ed\u017eet po n\u011bjak\u00e9m tom kv\u011btnov\u00e9m p\u00e1dlov\u00e1n\u00ed, uk\u00e1zalo se, \u017ee v \u0159ek\u00e1ch, kter\u00e9 pro n\u00e1s p\u0159ipadaj\u00ed v \u00favahu, v\u011bt\u0161inou nen\u00ed v\u016fbec \u017e\u00e1dn\u00e1 voda. Ve chv\u00edli nejv\u011bt\u0161\u00ed beznad\u011bje se vytasil Slun\u00ed\u010dko s n\u00e1padem splout vnitrozemskou deltu Dunaje. Mus\u00edm se p\u0159iznat, \u017ee m\u011b ta my\u0161lenka doslova nadchla. Byli jsme tady s Dejvem p\u0159ed sedmi lety a vr\u00e1tili se odsud plni z\u00e1\u017eitk\u016f a s p\u0159edsevzet\u00edm, \u017ee se sem rozhodn\u011b mus\u00edme je\u0161t\u011b n\u011bkdy vr\u00e1tit.<\/p>\n<\/div>\n\n\n<div class=\"wp-block-image\">\n<figure class=\"alignleft is-resized\"><img loading=\"lazy\" decoding=\"async\" width=\"2560\" height=\"1920\" src=\"https:\/\/www.worwani.eu\/wp-content\/uploads\/2025\/05\/DSCF9155-1-scaled.jpg\" alt=\"\" class=\"wp-image-3140\" style=\"width:451px;height:auto\" srcset=\"https:\/\/www.worwani.eu\/wp-content\/uploads\/2025\/05\/DSCF9155-1-scaled.jpg 2560w, https:\/\/www.worwani.eu\/wp-content\/uploads\/2025\/05\/DSCF9155-1-300x225.jpg 300w, https:\/\/www.worwani.eu\/wp-content\/uploads\/2025\/05\/DSCF9155-1-1024x768.jpg 1024w, https:\/\/www.worwani.eu\/wp-content\/uploads\/2025\/05\/DSCF9155-1-768x576.jpg 768w, https:\/\/www.worwani.eu\/wp-content\/uploads\/2025\/05\/DSCF9155-1-600x450.jpg 600w, https:\/\/www.worwani.eu\/wp-content\/uploads\/2025\/05\/DSCF9155-1-1536x1152.jpg 1536w, https:\/\/www.worwani.eu\/wp-content\/uploads\/2025\/05\/DSCF9155-1-2048x1536.jpg 2048w, https:\/\/www.worwani.eu\/wp-content\/uploads\/2025\/05\/DSCF9155-1-150x113.jpg 150w, https:\/\/www.worwani.eu\/wp-content\/uploads\/2025\/05\/DSCF9155-1-200x150.jpg 200w, https:\/\/www.worwani.eu\/wp-content\/uploads\/2025\/05\/DSCF9155-1-160x120.jpg 160w\" sizes=\"auto, (max-width: 2560px) 100vw, 2560px\" \/><\/figure>\n<\/div>\n\n\n<p>P\u0159esv\u011bd\u010dit kluky, \u017ee to taky cht\u011bj\u00ed vid\u011bt a pro jedno jaro se holt vzdaj\u00ed kajak\u016f, p\u0159ekvapiv\u011b nebylo zas a\u017e tak slo\u017eit\u00e9. Jen Pafka furt mrmlal n\u011bco o p\u0159\u00ed\u0161t\u00edm roce, pron\u00e1jmu Kachli\u010dky, je\u017ed\u011bn\u00ed kolem dokola, \u00faspo\u0159e \u010dasu a tak&#8230; Ale Pafku stejn\u011b nikdo nebere v\u00e1\u017en\u011b&#8230; Pak dlouho pr\u0161elo a vody bylo v\u0161ude najednou zas a\u017e p\u0159\u00edli\u0161, tak\u017ee nebylo moc co \u0159e\u0161it a z\u016fstalo u toho Dunaje. A tak jsme ve st\u0159edu 7. kv\u011btna ve dvou vln\u00e1ch srdnat\u011b vyrazili na Slovensko.<\/p>\n\n\n\n<p>Pro p\u0159esuny na velk\u00e9 vzd\u00e1lenosti WorWan\u00ed p\u0159ed l\u00e9ty vyvinuli &#8211; a dlouh\u00fdm a n\u00e1ro\u010dn\u00fdm testov\u00e1n\u00edm t\u00e9m\u011b\u0159 k dokonalosti vypilovali &#8211; techniku teleportu. Ta umo\u017e\u0148uje ka\u017ed\u00e9mu, kdo ji ovl\u00e1d\u00e1, kdekoli na zem\u011bkouli nastoupit do libovoln\u00e9ho dopravn\u00edho prost\u0159edku a vz\u00e1p\u011bt\u00ed se probudit v m\u00edst\u011b ur\u010den\u00ed, a\u0165 u\u017e je to jakkoli daleko. Mezi vedlej\u0161\u00ed \u00fa\u010dinky pat\u0159\u00edv\u00e1 n\u011bkdy brn\u011bn\u00ed hlavy, v hor\u0161\u00edm p\u0159\u00edpad\u011b je\u0161t\u011b, na\u0161t\u011bst\u00ed obvykle ne v\u00edce ne\u017e jednodenn\u00ed, nechu\u0165 k j\u00eddlu. Nen\u00ed to v\u0161ak nic, na co by MVDr. B\u00e1be nem\u011bl v\u017edy po kaps\u00e1ch n\u011bjak\u00fd ten pr\u00e1\u0161ek.<\/p>\n\n\n\n<p>Aby technika teleportu fungovala spr\u00e1vn\u011b, vy\u017eaduje po(u)\u017eit\u00ed vhodn\u00e9ho p\u0159enosov\u00e9ho m\u00e9dia a pak samoz\u0159ejm\u011b tak\u00e9 adekv\u00e1tn\u00ed reak\u010dn\u00ed \u010dasovou prodlevu po kter\u00e9 se otev\u00edr\u00e1 tzv. \u201eteleporta\u010dn\u00ed okno.\u201c Ta je samoz\u0159ejm\u011b individu\u00e1ln\u00ed \u2013 z\u00e1vis\u00ed pochopiteln\u011b nejen na osobn\u00edch predispozic\u00edch a kondici teleportovan\u00e9ho, ale i na s\u00edle zvolen\u00e9ho m\u00e9dia, v pr\u016fm\u011bru se ale obvykle pohybuje n\u011bkde kolem hranice 3 \u2013 3,5 hodiny. A proto\u017ee cesta do kempu \u010cunovo, kter\u00fd le\u017e\u00ed na dohled od Bratislavy, netrvala ani ony zmi\u0148ovan\u00e9 3 hodiny, uskute\u010dnil se tentokr\u00e1t teleport pouze v \u010dase, neprob\u011bhl v\u0161ak u\u017e sou\u010dasn\u011b tak\u00e9 v prostoru, nebo\u0165 c\u00edlov\u00e9 destinace bylo dosa\u017eeno je\u0161t\u011b p\u0159ed pln\u00fdm otev\u0159en\u00edm teleporta\u010dn\u00edho okna&#8230; Prost\u011b \u2013 probrali jsme se na stejn\u00fdch sou\u0159adnic\u00edch, jenom u\u017e byl jin\u00fd den\u2026<\/p>\n\n\n<div class=\"wp-block-image\">\n<figure class=\"alignright size-large is-resized\"><a href=\"https:\/\/www.worwani.eu\/wp-content\/uploads\/2025\/05\/DSCF9035-scaled.jpg\"><img loading=\"lazy\" decoding=\"async\" width=\"1024\" height=\"768\" src=\"https:\/\/www.worwani.eu\/wp-content\/uploads\/2025\/05\/DSCF9035-1024x768.jpg\" alt=\"\" class=\"wp-image-3123\" style=\"width:338px;height:auto\" srcset=\"https:\/\/www.worwani.eu\/wp-content\/uploads\/2025\/05\/DSCF9035-1024x768.jpg 1024w, https:\/\/www.worwani.eu\/wp-content\/uploads\/2025\/05\/DSCF9035-300x225.jpg 300w, https:\/\/www.worwani.eu\/wp-content\/uploads\/2025\/05\/DSCF9035-768x576.jpg 768w, https:\/\/www.worwani.eu\/wp-content\/uploads\/2025\/05\/DSCF9035-600x450.jpg 600w, https:\/\/www.worwani.eu\/wp-content\/uploads\/2025\/05\/DSCF9035-1536x1152.jpg 1536w, https:\/\/www.worwani.eu\/wp-content\/uploads\/2025\/05\/DSCF9035-2048x1536.jpg 2048w, https:\/\/www.worwani.eu\/wp-content\/uploads\/2025\/05\/DSCF9035-150x113.jpg 150w, https:\/\/www.worwani.eu\/wp-content\/uploads\/2025\/05\/DSCF9035-200x150.jpg 200w, https:\/\/www.worwani.eu\/wp-content\/uploads\/2025\/05\/DSCF9035-160x120.jpg 160w\" sizes=\"auto, (max-width: 1024px) 100vw, 1024px\" \/><\/a><\/figure>\n<\/div>\n\n\n<p>\u010ctvrte\u010dn\u00ed r\u00e1no se netv\u00e1\u0159ilo zrovna dvakr\u00e1t usm\u011bvav\u011b. Vyhrabali jsme se ze spac\u00e1k\u016f, rozv\u011bsili pod p\u0159\u00edst\u0159e\u0161kem v\u011bci zavlhl\u00e9 po no\u010dn\u00edm de\u0161ti a pokukovali, co n\u00e1m Tom\u00e1\u0161 kucht\u00ed k sn\u00eddani. Docela r\u00e1d bych se m\u00fdlil, ale m\u00e1m dojem, \u017ee do zlatova osmahnut\u00e9 topinky z moj\u00ed zbrusu nov\u00e9 plachty pod karimatku dlouho jen tak n\u011bco nep\u0159ekon\u00e1\u2026<\/p>\n\n\n\n<p>No \u2013 a pak u\u017e jsme se za\u010dali chystat na nadch\u00e1zej\u00edc\u00ed \u010dty\u0159denn\u00ed vod\u00e1ck\u00e9 dobrodru\u017estv\u00ed ve spleti dunajsk\u00fdch ramen. Otev\u0159eli jsme zatuchl\u00e9 lo\u010f\u00e1ky s hydrem, rozhr\u010dely se kompresory, lod\u011b se pomalu za\u010daly nadouvat a my ukl\u00e1dali do podpalub\u00ed plechovky s pivem. Jen \u010cobo post\u00e1val s rozpa\u010dit\u00fdm \u00fasm\u011bvem a rukama v kaps\u00e1ch opod\u00e1l. Kdy\u017e jsme se ptali, co se mu stalo, hrd\u011b prohl\u00e1sil, \u017ee je \u201eju\u017en\u00fd typ\u201c a \u017ee v takejto zime na vodu v \u017eiadnom pr\u00edpade nep\u00f4jde. No\u2026 j\u00e1 teda dote\u010f myslel, \u017ee je sp\u00ed\u0161 z v\u00fdchodu\u2026<\/p>\n\n\n<div class=\"wp-block-image\">\n<figure class=\"alignleft is-resized\"><img loading=\"lazy\" decoding=\"async\" width=\"2560\" height=\"1920\" src=\"https:\/\/www.worwani.eu\/wp-content\/uploads\/2025\/05\/DSCF9108-scaled.jpg\" alt=\"\" class=\"wp-image-3124\" style=\"width:405px;height:auto\" srcset=\"https:\/\/www.worwani.eu\/wp-content\/uploads\/2025\/05\/DSCF9108-scaled.jpg 2560w, https:\/\/www.worwani.eu\/wp-content\/uploads\/2025\/05\/DSCF9108-300x225.jpg 300w, https:\/\/www.worwani.eu\/wp-content\/uploads\/2025\/05\/DSCF9108-1024x768.jpg 1024w, https:\/\/www.worwani.eu\/wp-content\/uploads\/2025\/05\/DSCF9108-768x576.jpg 768w, https:\/\/www.worwani.eu\/wp-content\/uploads\/2025\/05\/DSCF9108-600x450.jpg 600w, https:\/\/www.worwani.eu\/wp-content\/uploads\/2025\/05\/DSCF9108-1536x1152.jpg 1536w, https:\/\/www.worwani.eu\/wp-content\/uploads\/2025\/05\/DSCF9108-2048x1536.jpg 2048w, https:\/\/www.worwani.eu\/wp-content\/uploads\/2025\/05\/DSCF9108-150x113.jpg 150w, https:\/\/www.worwani.eu\/wp-content\/uploads\/2025\/05\/DSCF9108-200x150.jpg 200w, https:\/\/www.worwani.eu\/wp-content\/uploads\/2025\/05\/DSCF9108-160x120.jpg 160w\" sizes=\"auto, (max-width: 2560px) 100vw, 2560px\" \/><\/figure>\n<\/div>\n\n\n<p>P\u0159\u00edmo pod Are\u00e1lem vodn\u00fdch \u0161portov v \u010cunovu Dunaj \u0159eku zrovna moc nep\u0159ipom\u00edn\u00e1. Vypad\u00e1 tady sp\u00ed\u0161 jako obrovitej rybn\u00edk. \u010clov\u011bka vlastn\u011b ani nenapadne, \u017ee se cel\u00e1 ta hromada vody docela svi\u017en\u011b hrne dol\u016f. Do hlavn\u00ed soustavy ramen na ma\u010farsk\u00e9 stran\u011b vedou z hlavn\u00edho koryta t\u0159i odbo\u010dky. My cht\u011bli trefit hned tu prvn\u00ed. Je z nich sice nejmen\u0161\u00ed a nejm\u00ed\u0148 n\u00e1padn\u00e1, ale zase nevynech\u00e1te ani kousek toho bludi\u0161t\u011b. Kupodivu jsem si ji i pamatoval. Je to zvl\u00e1\u0161tn\u00ed pocit \u2013 v jednu chv\u00edli val\u00edte korytem velikosti Vltavy n\u011bkde pod Vy\u0161ehradem, uhnete mezi stromy a octnete se na \u0159\u00ed\u010dce stylu \u0160lapanky kdesi za V\u011b\u017enic\u00ed. V\u0161ude r\u00e1kos\u00ed, spousta zelen\u011b a nep\u0159est\u00e1vaj\u00edc\u00ed pta\u010d\u00ed zp\u011bv.<\/p>\n\n\n\n<div class=\"wp-block-group is-nowrap is-layout-flex wp-container-core-group-is-layout-ad2f72ca wp-block-group-is-layout-flex\">\n<p>Po n\u011bjak\u00e9 chv\u00edli se koryto zase o n\u011bco roz\u0161\u00ed\u0159ilo, \u0159eka docela slu\u0161n\u011b tekla a my se mohli scvaknout k sob\u011b a nechat se un\u00e1\u0161et proudem. Dokonce i slun\u00ed\u010dko n\u00e1s polechtalo. Pobl\u00ed\u017e vesnice Dunakiliti jsme odbo\u010dili do ramena, na kter\u00e9m mapa slibovala hospodu. Doufali jsme, \u017ee tady oko\u0161tujem n\u011bjak\u00e9 to lok\u00e1ln\u00ed p\u00edvo. Kr\u010dma vypadala zav\u0159en\u011b, ale m\u00edstn\u00ed nejsp\u00ed\u0161 vid\u011bli, jak mlsn\u011b obch\u00e1z\u00edme okolo, proto\u017ee se nakonec otev\u0159elo ok\u00fdnko a vykoukla sle\u010dna. Bohu\u017eel prod\u00e1vala jen plechovky. No, co si budem pov\u00eddat, \u0160opro\u0148 pro na\u0161e zob\u00e1ky rozmazlen\u00fd dvan\u00e1ctkou Radegastem, nebyla nic moc\u2026<\/p>\n<\/div>\n\n\n<div class=\"wp-block-image\">\n<figure class=\"alignright is-resized\"><img loading=\"lazy\" decoding=\"async\" width=\"2560\" height=\"1920\" src=\"https:\/\/www.worwani.eu\/wp-content\/uploads\/2025\/05\/DSCF9146-scaled.jpg\" alt=\"\" class=\"wp-image-3125\" style=\"width:408px;height:auto\" srcset=\"https:\/\/www.worwani.eu\/wp-content\/uploads\/2025\/05\/DSCF9146-scaled.jpg 2560w, https:\/\/www.worwani.eu\/wp-content\/uploads\/2025\/05\/DSCF9146-300x225.jpg 300w, https:\/\/www.worwani.eu\/wp-content\/uploads\/2025\/05\/DSCF9146-1024x768.jpg 1024w, https:\/\/www.worwani.eu\/wp-content\/uploads\/2025\/05\/DSCF9146-768x576.jpg 768w, https:\/\/www.worwani.eu\/wp-content\/uploads\/2025\/05\/DSCF9146-600x450.jpg 600w, https:\/\/www.worwani.eu\/wp-content\/uploads\/2025\/05\/DSCF9146-1536x1152.jpg 1536w, https:\/\/www.worwani.eu\/wp-content\/uploads\/2025\/05\/DSCF9146-2048x1536.jpg 2048w, https:\/\/www.worwani.eu\/wp-content\/uploads\/2025\/05\/DSCF9146-150x113.jpg 150w, https:\/\/www.worwani.eu\/wp-content\/uploads\/2025\/05\/DSCF9146-200x150.jpg 200w, https:\/\/www.worwani.eu\/wp-content\/uploads\/2025\/05\/DSCF9146-160x120.jpg 160w\" sizes=\"auto, (max-width: 2560px) 100vw, 2560px\" \/><\/figure>\n<\/div>\n\n\n<p>Po t\u00e9hle zaj\u00ed\u017e\u010fce jsme hledali, kudy se nejl\u00edp dostat na p\u016fvodn\u00ed trasu. Jinak bychom mohli celkem snadno minout kemp, ve kter\u00e9m jsme cht\u011bli sp\u00e1t, a to by byl pr\u016f\u0161vih. Cestou n\u00e1s trochu zasko\u010dilo jedno rameno, kter\u00e9 teklo obr\u00e1cen\u011b a pak jsme na jednom rozcest\u00ed nap\u00e1dlovali do zkratky, kter\u00e1 po n\u011bkolika stovk\u00e1ch metr\u016f kon\u010dila tot\u00e1ln\u011b nepr\u016fjezdnou bob\u0159\u00ed hr\u00e1z\u00ed. Museli jsme se vr\u00e1tit kus proti proudu. Aby toho nebylo m\u00e1lo, B\u00e1bova od r\u00e1na pe\u010dliv\u011b lad\u011bn\u00e1 forma v tu chv\u00edli dos\u00e1hla z\u0159ejm\u011b jednoho ze sv\u00fdch vrchol\u016f. Ve snaze pomoct Karlovi postr\u010dit lo\u010f p\u0159es jakousi p\u0159ek\u00e1\u017eku, pohotov\u011b vysko\u010dil na nedalek\u00fd, p\u0159\u00edhodn\u011b um\u00edst\u011bn\u00fd k\u00e1men. Ten se v\u0161ak pro tu chv\u00edli vyno\u0159il evidentn\u011b pouze v jeho hlav\u011b, tak\u017ee v praxi to vypadalo tak, \u017ee se to hovado prost\u011b najednou zvedlo a mrsklo sebou do Dunaje. To nevymysl\u00ed\u0161\u2026<\/p>\n\n\n\n<div class=\"wp-block-group is-nowrap is-layout-flex wp-container-core-group-is-layout-ad2f72ca wp-block-group-is-layout-flex\">\n<p>Pak jsme je\u0161t\u011b zkusili jednu zaj\u00edmavou zkratku. \u00dazk\u00e9, rychl\u00e9 koryto n\u00e1s m\u011blo vyv\u00e9st z vegetace na dohled od kempu. V\u0161echno vypadalo ide\u00e1ln\u011b a\u017e do chv\u00edle, kdy jsme vpluli do stojat\u00e9ho p\u00e1chnouc\u00edho jezera pln\u00e9ho padl\u00fdch strom\u016f a ostr\u016fvk\u016f. Podle mapy to v jeho nejzaz\u0161\u00ed \u010d\u00e1sti m\u011blo zas odt\u00e9kat, ale cestu zahrazovala barik\u00e1da z naplavenin. Vracet se zp\u00e1tky byl nesmysl, tak jsme to po chvilce v\u00e1h\u00e1n\u00ed se Sl\u016f\u0148ou nap\u00e1lili do toho. Kolem se rozlinul festovn\u00ed puch a pak se cel\u00e1 ta kupa zahn\u00edvaj\u00edc\u00edho bordelu pohnula a pustila n\u00e1s ven.<\/p>\n\n\n\n<p><\/p>\n<\/div>\n\n\n\n<div class=\"wp-block-group is-nowrap is-layout-flex wp-container-core-group-is-layout-ad2f72ca wp-block-group-is-layout-flex\">\n<p class=\"has-text-align-left\">Za velk\u00fdm ostrovem na soutoku se sousedn\u00edm \u0161irok\u00fdm ramenem n\u00e1s \u010dekal par\u00e1dn\u00ed kemp\u00edk. Hezk\u00e1, vo\u0148av\u00e1, vyse\u010den\u00e1 lou\u010dka s n\u011bkolika p\u0159\u00edst\u0159e\u0161ky a ohni\u0161ti. Voda a z\u00e1chody byly v jednom staven\u00ed v nedalek\u00e9 vesnici Doborgazsiget. Nikde ani noha, n\u00e1dhera sama. Tom se vytasil s gul\u00e1\u0161em a masem a pak jsme p\u0159e\u017eran\u00ed a spokojen\u00ed vysed\u00e1vali u oh\u00fdnku a kl\u00e1bosili. Jen B\u00e1ba byl u\u017e v tu chv\u00edli t\u011b\u017ece za zenitem a odebral se do pelechu nezvykle skoro je\u0161t\u011b za sv\u011btla. Do role nejv\u011bt\u0161\u00edho dr\u017e\u00e1ka se tak, trochu p\u0159ekvapiv\u011b, vyprofiloval K\u00e1ja, kter\u00fd s B\u00e1bou cel\u00fd den state\u010dn\u011b dr\u017eel krok a pak je\u0161t\u011b zav\u00edral ve\u010dern\u00ed mejdan. Za prok\u00e1zanou chrabrost bych se ho rozhodn\u011b neb\u00e1l pov\u00fd\u0161it do hodnosti \u201eKrutop\u00ed\u010de.\u201c Jeho v\u00fdkon toti\u017e m\u011bl ne\u010dekan\u00fd p\u0159esah a\u017e do n\u00e1sleduj\u00edc\u00edho dne. <em>Pozn.: Titul \u201eKrutop\u00ed\u010d\u201c se poprv\u00e9 objevil v souvislosti s Dejvem a jeho kouzelnick\u00fdmi triky s mizen\u00edm piva.<\/em><\/p>\n\n\n\n<p><\/p>\n<\/div>\n\n\n\n<div class=\"wp-block-group is-content-justification-space-between is-nowrap is-layout-flex wp-container-core-group-is-layout-0dfbf163 wp-block-group-is-layout-flex\">\n<p>R\u00e1no n\u00e1s probudilo slun\u00ed\u010dko h\u00e1zej\u00edc\u00ed pras\u00e1tka mezi list\u00edm strom\u016f. Vypadalo to na n\u00e1dhernej den. Dokonce i \u201eJu\u017en\u00fd typ\u201c usoudil, \u017ee tentokr\u00e1t na vodu m\u016f\u017ee. Posn\u00eddali jsme, pobalili, u p\u00e1r pivek po\u010dkali a\u017e kluci p\u0159evezou auta a vyrazili. Hned za kempem jsme zahnuli do prav\u00e9ho, o n\u011bco men\u0161\u00edho ramena, kter\u00e9 ale docela svi\u017en\u011b teklo. V\u011bt\u0161\u00ed masa vody valila rovn\u011b, ale zdaleka ne tak rychle a hlavn\u011b \u2013 mohlo by se st\u00e1t, \u017ee mineme kemp\u00edk u vesnice Dunasziget, kde mapa op\u011bt slibovala hospodu. Po\u0159\u00e1d jsme toti\u017e v\u011b\u0159ili, \u017ee aspo\u0148 n\u011bjak\u00e9 ma\u010farsk\u00e9 pivo se prost\u011b mus\u00ed nechat p\u00edt. Proud n\u00e1s celkem p\u011bkn\u011b t\u00e1hl, tak\u017ee skoro nebylo pot\u0159eba p\u00e1dlovat a my se mohli kochat krajinou. R\u00e1kos\u00ed, ostr\u016fvky, star\u00e9 stromy, odt\u00e9kaj\u00edc\u00ed a p\u0159it\u00e9kaj\u00edc\u00ed ramena a do toho neuv\u011b\u0159iteln\u00e9 mno\u017estv\u00ed pt\u00e1k\u016f. Tipnul bych, \u017ee n\u011bkde tady na Dunaji mus\u00ed b\u00fdt hlavn\u00ed m\u011bsto kuka\u010dek.<\/p>\n\n\n\n<p><\/p>\n<\/div>\n\n\n<div class=\"wp-block-image\">\n<figure class=\"alignleft is-resized\"><img loading=\"lazy\" decoding=\"async\" width=\"1920\" height=\"2560\" src=\"https:\/\/www.worwani.eu\/wp-content\/uploads\/2025\/05\/DSCF9045-scaled.jpg\" alt=\"\" class=\"wp-image-3126\" style=\"width:240px;height:auto\" srcset=\"https:\/\/www.worwani.eu\/wp-content\/uploads\/2025\/05\/DSCF9045-scaled.jpg 1920w, https:\/\/www.worwani.eu\/wp-content\/uploads\/2025\/05\/DSCF9045-225x300.jpg 225w, https:\/\/www.worwani.eu\/wp-content\/uploads\/2025\/05\/DSCF9045-768x1024.jpg 768w, https:\/\/www.worwani.eu\/wp-content\/uploads\/2025\/05\/DSCF9045-600x800.jpg 600w, https:\/\/www.worwani.eu\/wp-content\/uploads\/2025\/05\/DSCF9045-1152x1536.jpg 1152w, https:\/\/www.worwani.eu\/wp-content\/uploads\/2025\/05\/DSCF9045-1536x2048.jpg 1536w, https:\/\/www.worwani.eu\/wp-content\/uploads\/2025\/05\/DSCF9045-113x150.jpg 113w\" sizes=\"auto, (max-width: 1920px) 100vw, 1920px\" \/><\/figure>\n<\/div>\n\n\n<div class=\"wp-block-group is-nowrap is-layout-flex wp-container-core-group-is-layout-ad2f72ca wp-block-group-is-layout-flex\">\n<p>Kolem poledne jsme dojeli k vesni\u010dce s kempem a hospodou. Vypadalo to slibn\u011b, hol\u010dina pod velk\u00fdm p\u0159\u00edst\u0159e\u0161kem m\u011bla nara\u017eeno a to\u010dila pivo. Bohu\u017eel, jak jsme z\u00e1hy zjistili, rozd\u00edl mezi to\u010denou a plechovkovou \u0160opron\u00ed nen\u00ed ve\u0161kerej \u017e\u00e1dnej, hnusn\u00fd jsou ob\u011b.<\/p>\n<\/div>\n\n\n\n<p>M\u00edra s Tomem vy\u010denichali, \u017ee v domku p\u0159es ulici pan\u00ed d\u011bl\u00e1 dom\u00e1c\u00ed lango\u0161e. U\u017e jsme m\u011bli docela hlad, tak jsme tam za\u0161li. Byly fakt vynikaj\u00edc\u00ed. D\u00e1vali tam na to n\u011bco mezi jogurtem a zakysanou smetanou a s\u00fdr. K\u00e1j\u00edkovi to z\u0159ejm\u011b tak stra\u0161n\u011b chutnalo, \u017ee samou slast\u00ed zav\u00edral o\u010di. Kdy\u017e mu pak lango\u0161 vypadl z ruky a on to v\u016fbec nezaregistroval, zjistili jsme, \u017ee bohapust\u011b sp\u00ed a u toho prost\u011b jen mechanicky \u017evejk\u00e1.<\/p>\n\n\n\n<p>Odpoledne jsme str\u00e1vili na dlouh\u00e9m, ale pom\u011brn\u011b rychl\u00e9m rameni, kter\u00e9 kupodivu nem\u011blo moc odbo\u010dek, tak\u017ee nehrozilo, \u017ee bychom m\u011bli n\u011bjak fat\u00e1ln\u011b zakufrovat a minout kemp. A\u017e na sam\u00e9m konci bylo pot\u0159eba tla\u010dit se co nejv\u00edc vpravo a nep\u0159ejet, proto\u017ee kemp le\u017eel a\u017e za povod\u0148ovou hr\u00e1z\u00ed a nebyl z \u0159eky vid\u011bt. Ale na Mapy.cz se d\u00e1 fakt spolehnout, trefili jsme to \u00fapln\u011b p\u0159esn\u011b.<\/p>\n\n\n\n<div class=\"wp-block-group is-nowrap is-layout-flex wp-container-core-group-is-layout-ad2f72ca wp-block-group-is-layout-flex\">\n<p>Kemp u vesnice Kisbodak byl podstatn\u011b rozlehlej\u0161\u00ed ne\u017e ten v\u010derej\u0161\u00ed a zdaleka ne tak hezkej. Pod ka\u017ed\u00fdm druh\u00fdm stromem byl zbastlenej alt\u00e1n z \u010dehokoli, co v tu chv\u00edli bylo zrovna po ruce a pod n\u00edm starej gau\u010d, k\u0159esla, nebo ko\u017eenkov\u00e1 seda\u010dka. Asi to m\u011blo bejt \u00fatuln\u00fd, ale ze v\u0161eho nejv\u00edc to p\u0159ipom\u00ednalo skl\u00e1dku. No \u2013 my m\u011bli trochu strach, abychom z toho nepochytali n\u011bjak\u00fd brebery, tak jsme obsadili asi jedinej p\u0159\u00edst\u0159e\u0161ek, kde byly jen oby\u010dejn\u00fd pivn\u00ed sety. Krom n\u00e1s tady op\u011bt nebyla ani noha. Tom se vytasil s dal\u0161\u00ed z mnoha variant gul\u00e1\u0161e (tu\u0161\u00edm, \u017ee tentokr\u00e1t to byl seged\u00edn s no\u010dky) a povedlo se n\u00e1m posh\u00e1n\u011bt i dostatek d\u0159eva na oh\u00fdnek. Co na tom, \u017ee na p\u016flce hromady bylo je\u0161t\u011b zelen\u00fd lupen\u00ed, fukar z Lidlu je mocn\u00fd stroj.<\/p>\n\n\n\n<p><\/p>\n<\/div>\n\n\n<div class=\"wp-block-image\">\n<figure class=\"alignright is-resized\"><img loading=\"lazy\" decoding=\"async\" width=\"2560\" height=\"1920\" src=\"https:\/\/www.worwani.eu\/wp-content\/uploads\/2025\/05\/DSCF9064-scaled.jpg\" alt=\"\" class=\"wp-image-3127\" style=\"width:399px;height:auto\" srcset=\"https:\/\/www.worwani.eu\/wp-content\/uploads\/2025\/05\/DSCF9064-scaled.jpg 2560w, https:\/\/www.worwani.eu\/wp-content\/uploads\/2025\/05\/DSCF9064-300x225.jpg 300w, https:\/\/www.worwani.eu\/wp-content\/uploads\/2025\/05\/DSCF9064-1024x768.jpg 1024w, https:\/\/www.worwani.eu\/wp-content\/uploads\/2025\/05\/DSCF9064-768x576.jpg 768w, https:\/\/www.worwani.eu\/wp-content\/uploads\/2025\/05\/DSCF9064-600x450.jpg 600w, https:\/\/www.worwani.eu\/wp-content\/uploads\/2025\/05\/DSCF9064-1536x1152.jpg 1536w, https:\/\/www.worwani.eu\/wp-content\/uploads\/2025\/05\/DSCF9064-2048x1536.jpg 2048w, https:\/\/www.worwani.eu\/wp-content\/uploads\/2025\/05\/DSCF9064-150x113.jpg 150w, https:\/\/www.worwani.eu\/wp-content\/uploads\/2025\/05\/DSCF9064-200x150.jpg 200w, https:\/\/www.worwani.eu\/wp-content\/uploads\/2025\/05\/DSCF9064-160x120.jpg 160w\" sizes=\"auto, (max-width: 2560px) 100vw, 2560px\" \/><\/figure>\n<\/div>\n\n\n<p>R\u00e1no n\u00e1s op\u011bt probudily vz\u00e1jemn\u011b se p\u0159e\u0159v\u00e1vaj\u00edc\u00ed kuka\u010dky. Slun\u00ed\u010dko se prod\u00edralo skrz v\u011btve strom\u016f a hl\u00e1silo, \u017ee dneska n\u00e1s \u010dek\u00e1 asi nejteplej\u0161\u00ed den na\u0161eho putov\u00e1n\u00ed. V pl\u00e1nu bylo dojet do vesnice Asv\u00e1nyrar\u00f3 a tam se poohl\u00e9dnout po n\u011bjak\u00e9m span\u00ed. Ide\u00e1ln\u011b mimo m\u00edstn\u00ed kemp, proto\u017ee ten je fakt dost daleko od \u0159eky. Jenom\u017ee jsme zjistili, \u017ee pl\u00e1cek, na kter\u00e9m jsme spali p\u0159ed sedmi lety, nep\u0159ipad\u00e1 v \u00favahu. V kempu n\u00e1m pak \u0159ekli, \u017ee statek na b\u0159ehu u v\u00fdstupu z \u0159eky je jejich vlastn\u00ed lod\u011bnice a \u017ee si tam m\u016f\u017eem v klidu ulo\u017eit na\u0161e baraky a doj\u00edt zbytek cesty jen nalehko, tak\u017ee nebylo moc co \u0159e\u0161it.<\/p>\n\n\n\n<div class=\"wp-block-group is-nowrap is-layout-flex wp-container-core-group-is-layout-ad2f72ca wp-block-group-is-layout-flex\">\n<p>Hned za dne\u0161n\u00edm n\u00e1stupem n\u00e1s \u010dekal sj\u00edzdn\u00fd jez. \u017d\u00e1dn\u00e1 velk\u00e1 slo\u017eitost, ale p\u0159ece jen p\u0159\u00edjemn\u00fd zpest\u0159en\u00ed. V jednom m\u00edst\u011b jsme se p\u0159ibl\u00ed\u017eili k p\u016fvodn\u00edmu korytu Dunaje tak bl\u00edzko, \u017ee n\u00e1s od n\u011bj d\u011blila vlastn\u011b jen hr\u00e1z. Za mostem tam \u010dekal docela slu\u0161nej stupe\u0148 a za n\u00edm p\u00e1r p\u011bkn\u00fdch vln. Cht\u011bl jsem nato\u010dit video a ud\u011blat v\u0161em p\u00e1r ak\u010dn\u00edch obr\u00e1zk\u016f, tak jsem nechal Sl\u016f\u0148u singlovat. Jen\u017ee &#8211; jak pod t\u00edm cht\u011bl zajet do vrac\u00e1ku, aby m\u011b nalo\u017eil, chytla ho vlna za lehkou \u0161pici a u\u017e tam byl. Mimochodem \u2013 tohle byla vlastn\u011b u\u017e druh\u00e1 krysa, tu prvn\u00ed ulovil p\u0159edchoz\u00edho dne Dejf v drobn\u00e9 vlnce pod jak\u00fdmsi bezv\u00fdznamn\u00e9m mostkem \ud83d\ude42<\/p>\n\n\n\n<p><\/p>\n<\/div>\n\n\n\n<div class=\"wp-block-group is-nowrap is-layout-flex wp-container-core-group-is-layout-ad2f72ca wp-block-group-is-layout-flex\">\n<p class=\"has-text-align-left\">P\u0159ed vesnic\u00ed Asv\u00e1nyrar\u00f3 Dunaj hodn\u011b zpomal\u00ed a rozl\u00e9v\u00e1 se do okoln\u00edch les\u016f. Hotov\u00e1 fantazie pro kom\u00e1ry a jim podobnou hav\u011b\u0165. Ve vod\u011b tady stoj\u00ed spousta mrtv\u00fdch strom\u016f, okolo poletuj\u00ed rackov\u00e9 a je to zase n\u011bco \u00fapln\u011b jin\u00e9ho ne\u017e p\u0159edchoz\u00ed dva dny. Lod\u011b jsme ulo\u017eili ve statku a p\u011b\u0161ky vyrazili do kempu. Tenhle u\u017e je trochu jinde, ne\u017e ty dva p\u0159edchoz\u00ed \u2013 n\u011bkolik budov, parkovi\u0161t\u011b, restaurace, p\u016fj\u010dovna lod\u00ed a kol, venkovn\u00ed kuchyn\u011b, h\u0159i\u0161t\u011b a vzadu za mostkem louka s p\u0159\u00edst\u0159e\u0161kem. Tu vy\u010dlenili pro n\u00e1s, asi abychom nebyli moc vid\u011bt. Cena ale i p\u0159es v\u0161echny ty vymo\u017eenosti vcelku p\u0159ijateln\u00e1. \u0160li jsme to s Karlosem zaplatit a u toho se stavili na jedno to\u010den\u00fd, jestli se n\u00e1hodou n\u011bco nezm\u011bnilo. No, nezm\u011bnilo, bylo to po\u0159\u00e1d stejn\u011b hnusn\u00fd\u2026<\/p>\n\n\n\n<p><\/p>\n<\/div>\n\n\n<div class=\"wp-block-image\">\n<figure class=\"alignright is-resized\"><img loading=\"lazy\" decoding=\"async\" width=\"2560\" height=\"1920\" src=\"https:\/\/www.worwani.eu\/wp-content\/uploads\/2025\/05\/DSCF9195-scaled.jpg\" alt=\"\" class=\"wp-image-3129\" style=\"width:365px;height:auto\" srcset=\"https:\/\/www.worwani.eu\/wp-content\/uploads\/2025\/05\/DSCF9195-scaled.jpg 2560w, https:\/\/www.worwani.eu\/wp-content\/uploads\/2025\/05\/DSCF9195-300x225.jpg 300w, https:\/\/www.worwani.eu\/wp-content\/uploads\/2025\/05\/DSCF9195-1024x768.jpg 1024w, https:\/\/www.worwani.eu\/wp-content\/uploads\/2025\/05\/DSCF9195-768x576.jpg 768w, https:\/\/www.worwani.eu\/wp-content\/uploads\/2025\/05\/DSCF9195-600x450.jpg 600w, https:\/\/www.worwani.eu\/wp-content\/uploads\/2025\/05\/DSCF9195-1536x1152.jpg 1536w, https:\/\/www.worwani.eu\/wp-content\/uploads\/2025\/05\/DSCF9195-2048x1536.jpg 2048w, https:\/\/www.worwani.eu\/wp-content\/uploads\/2025\/05\/DSCF9195-150x113.jpg 150w, https:\/\/www.worwani.eu\/wp-content\/uploads\/2025\/05\/DSCF9195-200x150.jpg 200w, https:\/\/www.worwani.eu\/wp-content\/uploads\/2025\/05\/DSCF9195-160x120.jpg 160w\" sizes=\"auto, (max-width: 2560px) 100vw, 2560px\" \/><\/figure>\n<\/div>\n\n\n<p>Naposledy jsme postavili p\u0159\u00edst\u0159e\u0161ek od sponzor\u016f ze Santa Cruz, zrevidovali z\u00e1soby pitiva, zap\u00e1lili ohe\u0148, vyt\u00e1hli n\u00e1stroje a kone\u010dn\u011b si taky po\u0159\u00e1dn\u011b zahr\u00e1li. U toho n\u00e1s Tom l\u00e1doval horem dolem v\u0161\u00edm, co kde na\u0161el. A\u017e jsme mu to nakonec museli zak\u00e1zat. Byl to fakt povedenej, i kdy\u017e u\u017e trochu smutnej ve\u010der, proto\u017ee jsme v\u011bd\u011bli, \u017ee to pomalu kon\u010d\u00ed. \u010cobo odjel u\u017e odpoledne a n\u00e1s r\u00e1no \u010dekalo posledn\u00edch 14 kilometr\u016f do Medve\u010fova a pak cesta dom\u016f.<\/p>\n\n\n\n<div class=\"wp-block-group is-nowrap is-layout-flex wp-container-core-group-is-layout-ad2f72ca wp-block-group-is-layout-flex\">\n<p>Rann\u00ed p\u0159evoz aut kluk\u016fm trval neobvykle dlouho. Zdr\u017eela je dozn\u00edvaj\u00edc\u00ed opat\u0159en\u00ed proti slintavce a kulhavce. Toho dne jsme prvn\u00edch p\u00e1r kilometr\u016f skute\u010dn\u011b museli i p\u00e1dlovat. \u0158eka se rozlila do velik\u00e9 \u0161\u00ed\u0159ky a skoro netekla. A j\u00e1 v\u011bd\u011bl pro\u010d. Za\u017eili jsme to s Dejvem p\u0159ed sedmi lety. Rameno se p\u0159ipojuje zp\u00e1tky do Dunaje vysok\u00e1nsk\u00fdm jezem, vlastn\u011b sp\u00ed\u0161 takovou dlouhou, silnou pe\u0159ej\u00ed s hodn\u011b velk\u00fdm p\u0159ev\u00fd\u0161en\u00edm. To byl takovej bonb\u00f3nek na z\u00e1v\u011br. Pe\u0159ej n\u00e1s vyplivla do p\u016fvodn\u00edho koryta Dunaje. To teklo opravdu svi\u017en\u011b, tak\u017ee jsme se zase mohli secvakat a korigovat jen sm\u011br. Zanedlouho jsme v d\u00e1lce uvid\u011bli sup\u011bt proti proudu obrovskou lo\u010f. To u\u017e bylo vodn\u00ed d\u00edlo Gab\u010d\u00edkovo \u2013 Nagymaros, kter\u00e9 jsme vz\u00e1p\u011bt\u00ed museli p\u0159ep\u00e1dlovat, abychom trefili odbo\u010dku do Medve\u010fova. Ta byla k na\u0161emu velk\u00e9mu zklam\u00e1n\u00ed \u00fapln\u011b such\u00e1, tak\u017ee n\u00e1s \u010dekal pom\u011brn\u011b nep\u0159\u00edjemn\u00fd bonus v podob\u011b n\u011bjak\u00fdch 2 \u2013 2,5 kilometr\u016f \u00fapln\u011b zbyte\u010dn\u00e9ho p\u00e1dlov\u00e1n\u00ed po vodn\u00edm d\u00edle.<\/p>\n<\/div>\n\n\n<div class=\"wp-block-image\">\n<figure class=\"alignleft is-resized\"><img loading=\"lazy\" decoding=\"async\" width=\"2560\" height=\"1920\" src=\"https:\/\/www.worwani.eu\/wp-content\/uploads\/2025\/05\/DSCF9212-2-scaled.jpg\" alt=\"\" class=\"wp-image-3131\" style=\"width:432px;height:auto\" srcset=\"https:\/\/www.worwani.eu\/wp-content\/uploads\/2025\/05\/DSCF9212-2-scaled.jpg 2560w, https:\/\/www.worwani.eu\/wp-content\/uploads\/2025\/05\/DSCF9212-2-300x225.jpg 300w, https:\/\/www.worwani.eu\/wp-content\/uploads\/2025\/05\/DSCF9212-2-1024x768.jpg 1024w, https:\/\/www.worwani.eu\/wp-content\/uploads\/2025\/05\/DSCF9212-2-768x576.jpg 768w, https:\/\/www.worwani.eu\/wp-content\/uploads\/2025\/05\/DSCF9212-2-600x450.jpg 600w, https:\/\/www.worwani.eu\/wp-content\/uploads\/2025\/05\/DSCF9212-2-1536x1152.jpg 1536w, https:\/\/www.worwani.eu\/wp-content\/uploads\/2025\/05\/DSCF9212-2-2048x1536.jpg 2048w, https:\/\/www.worwani.eu\/wp-content\/uploads\/2025\/05\/DSCF9212-2-150x113.jpg 150w, https:\/\/www.worwani.eu\/wp-content\/uploads\/2025\/05\/DSCF9212-2-200x150.jpg 200w, https:\/\/www.worwani.eu\/wp-content\/uploads\/2025\/05\/DSCF9212-2-160x120.jpg 160w\" sizes=\"auto, (max-width: 2560px) 100vw, 2560px\" \/><\/figure>\n<\/div>\n\n\n<p>K aut\u016fm jsme ale nakonec trefili, umyli a usu\u0161ili lod\u011b, zdl\u00e1bli posledn\u00ed, tentokr\u00e1t houbovou, variaci Tomova gul\u00e1\u0161e, vyk\u0159oupli posledn\u00ed pivko a vyrazili dom\u016f.<\/p>\n\n\n\n<p>Kamar\u00e1di d\u00edky, bylo to bo\u017e\u00ed. Dlouho jsem se takhle nenachechtal \ud83d\ude42<\/p>\n\n\n\n<p><\/p>\n","protected":false},"excerpt":{"rendered":"<p class=\"has-text-align-left\">Leto\u0161n\u00ed jaro bylo z na\u0161eho, WorWan\u00edho, pohledu trochu zvl\u00e1\u0161tn\u00ed. Kdy\u017e jsme se za\u010dali poohl\u00ed\u017eet po n\u011bjak\u00e9m tom kv\u011btnov\u00e9m p\u00e1dlov\u00e1n\u00ed, uk\u00e1zalo se, \u017ee v \u0159ek\u00e1ch, kter\u00e9 pro n\u00e1s p\u0159ipadaj\u00ed v \u00favahu, v\u011bt\u0161inou nen\u00ed v\u016fbec \u017e\u00e1dn\u00e1 voda. Ve chv\u00edli nejv\u011bt\u0161\u00ed beznad\u011bje se vytasil Slun\u00ed\u010dko s n\u00e1padem splout vnitrozemskou deltu Dunaje. Mus\u00edm se p\u0159iznat, \u017ee m\u011b ta my\u0161lenka doslova nadchla. Byli jsme tady s Dejvem p\u0159ed sedmi lety a vr\u00e1tili se odsud plni z\u00e1\u017eitk\u016f a s p\u0159edsevzet\u00edm, \u017ee se sem rozhodn\u011b mus\u00edme je\u0161t\u011b n\u011bkdy vr\u00e1tit.<\/p>\n<p> <img loading=\"lazy\" decoding=\"async\" width=\"2560\" height=\"1920\" src=\"https:\/\/www.worwani.eu\/wp-content\/uploads\/2025\/05\/DSCF9155-1-scaled.jpg\" alt=\"\" class=\"wp-image-3140\" style=\"width:451px;height:auto\" srcset=\"https:\/\/www.worwani.eu\/wp-content\/uploads\/2025\/05\/DSCF9155-1-scaled.jpg 2560w, https:\/\/www.worwani.eu\/wp-content\/uploads\/2025\/05\/DSCF9155-1-300x225.jpg 300w, https:\/\/www.worwani.eu\/wp-content\/uploads\/2025\/05\/DSCF9155-1-1024x768.jpg 1024w, https:\/\/www.worwani.eu\/wp-content\/uploads\/2025\/05\/DSCF9155-1-768x576.jpg 768w,  \u2026 <a href=\"https:\/\/www.worwani.eu\/?p=3120\">pro pokra\u010dov\u00e1n\u00ed ve \u010dten\u00ed klikn\u011bte tady&#8230; <span class=\"meta-nav\">&rarr; <\/span><\/a><\/p>\n","protected":false},"author":24,"featured_media":0,"comment_status":"open","ping_status":"closed","sticky":false,"template":"","format":"standard","meta":{"_bbp_topic_count":0,"_bbp_reply_count":0,"_bbp_total_topic_count":0,"_bbp_total_reply_count":0,"_bbp_voice_count":0,"_bbp_anonymous_reply_count":0,"_bbp_topic_count_hidden":0,"_bbp_reply_count_hidden":0,"_bbp_forum_subforum_count":0,"footnotes":""},"categories":[1,6],"tags":[],"class_list":["post-3120","post","type-post","status-publish","format-standard","hentry","category-nezarazene","category-novinky"],"_links":{"self":[{"href":"https:\/\/www.worwani.eu\/index.php?rest_route=\/wp\/v2\/posts\/3120","targetHints":{"allow":["GET"]}}],"collection":[{"href":"https:\/\/www.worwani.eu\/index.php?rest_route=\/wp\/v2\/posts"}],"about":[{"href":"https:\/\/www.worwani.eu\/index.php?rest_route=\/wp\/v2\/types\/post"}],"author":[{"embeddable":true,"href":"https:\/\/www.worwani.eu\/index.php?rest_route=\/wp\/v2\/users\/24"}],"replies":[{"embeddable":true,"href":"https:\/\/www.worwani.eu\/index.php?rest_route=%2Fwp%2Fv2%2Fcomments&post=3120"}],"version-history":[{"count":34,"href":"https:\/\/www.worwani.eu\/index.php?rest_route=\/wp\/v2\/posts\/3120\/revisions"}],"predecessor-version":[{"id":3180,"href":"https:\/\/www.worwani.eu\/index.php?rest_route=\/wp\/v2\/posts\/3120\/revisions\/3180"}],"wp:attachment":[{"href":"https:\/\/www.worwani.eu\/index.php?rest_route=%2Fwp%2Fv2%2Fmedia&parent=3120"}],"wp:term":[{"taxonomy":"category","embeddable":true,"href":"https:\/\/www.worwani.eu\/index.php?rest_route=%2Fwp%2Fv2%2Fcategories&post=3120"},{"taxonomy":"post_tag","embeddable":true,"href":"https:\/\/www.worwani.eu\/index.php?rest_route=%2Fwp%2Fv2%2Ftags&post=3120"}],"curies":[{"name":"wp","href":"https:\/\/api.w.org\/{rel}","templated":true}]}}