{"id":2769,"date":"2023-05-27T22:20:01","date_gmt":"2023-05-27T20:20:01","guid":{"rendered":"https:\/\/www.worwani.eu\/?p=2769"},"modified":"2023-05-29T16:23:22","modified_gmt":"2023-05-29T14:23:22","slug":"jarni-worwani-rakousko-2023","status":"publish","type":"post","link":"https:\/\/www.worwani.eu\/?p=2769","title":{"rendered":"Jarn\u00ed WorWan\u00ed Rakousko 2023"},"content":{"rendered":"<div class=\"wp-block-image\">\n<figure class=\"alignleft size-large is-resized\"><img loading=\"lazy\" decoding=\"async\" src=\"https:\/\/www.worwani.eu\/wp-content\/uploads\/2023\/05\/IMG_20230506_123534.jpg\" alt=\"\" class=\"wp-image-2774\" width=\"391\" height=\"293\" srcset=\"https:\/\/www.worwani.eu\/wp-content\/uploads\/2023\/05\/IMG_20230506_123534.jpg 877w, https:\/\/www.worwani.eu\/wp-content\/uploads\/2023\/05\/IMG_20230506_123534-300x225.jpg 300w, https:\/\/www.worwani.eu\/wp-content\/uploads\/2023\/05\/IMG_20230506_123534-768x576.jpg 768w, https:\/\/www.worwani.eu\/wp-content\/uploads\/2023\/05\/IMG_20230506_123534-600x450.jpg 600w, https:\/\/www.worwani.eu\/wp-content\/uploads\/2023\/05\/IMG_20230506_123534-200x150.jpg 200w, https:\/\/www.worwani.eu\/wp-content\/uploads\/2023\/05\/IMG_20230506_123534-150x113.jpg 150w, https:\/\/www.worwani.eu\/wp-content\/uploads\/2023\/05\/IMG_20230506_123534-160x120.jpg 160w\" sizes=\"auto, (max-width: 391px) 100vw, 391px\" \/><\/figure>\n<\/div>\n\n\n<p>Kamar\u00e1di, po nesm\u00edrn\u011b vyveden\u00e9 v\u00edkendov\u00e9 akci v Dobrohostov\u011b jsem na sob\u011b (a z\u00e1rove\u0148 i na B\u00e1bovi) shledal n\u011bkter\u00e9 znaky po\u010d\u00ednaj\u00edc\u00ed sta\u0159eck\u00e9 demence. Proto jsem usoudil, \u017ee bude nejlep\u0161\u00ed podat sv\u011bdectv\u00ed o na\u0161\u00ed leto\u0161n\u00ed cest\u011b do Alp neprodlen\u011b. Pozd\u011bji by toti\u017e mohl vzniknout p\u0159\u00edb\u011bh zcela jin\u00fd. Tedy:<\/p>\n\n\n\n<p>Stejn\u011b jako ka\u017ed\u00fd rok, i na leto\u0161ek jsme si napl\u00e1novali jarn\u00ed p\u00e1dlovac\u00ed z\u00e1jezd do ciziny. Term\u00edn byl s velk\u00fdm p\u0159edstihem stanoven na druh\u00fd kv\u011btnov\u00fd v\u00edkend prodlou\u017een\u00fd o st\u00e1tn\u00ed sv\u00e1tek. Oproti ve\u0161ker\u00fdm, v posledn\u00edch letech obvykl\u00fdm tradic\u00edm, slibovaly rakousk\u00e9 \u0159eky pom\u011brn\u011b dost velk\u00e9 mno\u017estv\u00ed vody a, sv\u011bte div se, z nahl\u00e1\u0161en\u00fdch 13 \u00fa\u010dastn\u00edk\u016f expedice se a\u017e do posledn\u00ed chv\u00edle nikdo neodhl\u00e1sil. Do star\u00fdch kolej\u00ed jsme zab\u011bhli a\u017e v samotn\u00fd den odjezdu, kdy n\u00e1hle odpadl L\u016f\u010fa a s n\u00edm i jeho sedmim\u00edstn\u00e1 Toyota. Situaci po\u0159e\u0161ilo na\u0161e, sice jen p\u011btim\u00edstn\u00e9, ale zato siln\u011b krabicoidn\u00ed Berlingo. A tak jsme v p\u00e1tek 5. kv\u011btna po obvykl\u00fdch tane\u010dc\u00edch kolem balen\u00ed a v\u00e1z\u00e1n\u00ed lod\u00ed vyrazili na bezm\u00e1la \u010dty\u0159setkilometrovou cestu do Schladmingu na \u0159ece Enns. N\u00e1\u0161 vozov\u00fd park sest\u00e1val krom\u011b ji\u017e zm\u00edn\u011bn\u00e9ho Berlinga je\u0161t\u011b z Mi\u0161\u00e1lova osmim\u00edstn\u00e9ho autobusu a dvou k\u00e1r pln\u00fdch lod\u00ed. \u00dadernou skupinu pak tvo\u0159ili tito borci: B\u00e1ba, D\u00e1\u0148a, Dejf, Karlos, Pafka, Prokop, Slunce a Vakou\u0161 na kajac\u00edch, Miras a Tom\u00e1\u0161 Rane\u010d\u00e1k na Barace, \u0159idi\u010d Mi\u0161\u00e1l a odpadkov\u00fd referent Honza Sztacho, zvan\u00fd El Recyclatore. Dlu\u017eno je\u0161t\u011b dodat, \u017ee Tom\u00e1\u0161 R. zast\u00e1val nav\u00edc funkci pilota druh\u00e9ho vozu a \u0161\u00e9fkucha\u0159e v\u00fdpravy. Vz\u00e1cn\u00fd to \u010dlov\u011bk!<\/p>\n\n\n<div class=\"wp-block-image\">\n<figure class=\"alignright is-resized\"><img loading=\"lazy\" decoding=\"async\" src=\"https:\/\/www.worwani.eu\/wp-content\/uploads\/2023\/05\/IMG_20230505_185809.jpg\" alt=\"\" class=\"wp-image-2771\" width=\"373\" height=\"279\" srcset=\"https:\/\/www.worwani.eu\/wp-content\/uploads\/2023\/05\/IMG_20230505_185809.jpg 877w, https:\/\/www.worwani.eu\/wp-content\/uploads\/2023\/05\/IMG_20230505_185809-300x225.jpg 300w, https:\/\/www.worwani.eu\/wp-content\/uploads\/2023\/05\/IMG_20230505_185809-768x576.jpg 768w, https:\/\/www.worwani.eu\/wp-content\/uploads\/2023\/05\/IMG_20230505_185809-600x450.jpg 600w, https:\/\/www.worwani.eu\/wp-content\/uploads\/2023\/05\/IMG_20230505_185809-200x150.jpg 200w, https:\/\/www.worwani.eu\/wp-content\/uploads\/2023\/05\/IMG_20230505_185809-150x113.jpg 150w, https:\/\/www.worwani.eu\/wp-content\/uploads\/2023\/05\/IMG_20230505_185809-160x120.jpg 160w\" sizes=\"auto, (max-width: 373px) 100vw, 373px\" \/><\/figure>\n<\/div>\n\n\n<p>Hrozn\u011b r\u00e1d bych \u0159ekl, \u017ee se b\u011bhem cesty nic pozoruhodn\u00e9ho nep\u0159ihodilo. Bohu\u017eel to nen\u00ed tak docela pravda. Situace v na\u0161em (a klidn\u011b \u0159\u00edkejme t\u0159eba velitelsk\u00e9m) voze byla zhruba n\u00e1sleduj\u00edc\u00ed: Konzumaci piva jsme zah\u00e1jili je\u0161t\u011b p\u0159ed samotn\u00fdm n\u00e1stupem na palubu. Nen\u00ed proto divu, \u017ee jsme cestou museli absolvovat n\u011bkolik zdravotn\u00edch p\u0159est\u00e1vek. Na tom by samo o sob\u011b nebylo nic divn\u00e9ho, snad a\u017e na to, \u017ee pan \u201eK.\u201c (jako KOROPTEV) postupn\u011b za\u010dal vy\u017eadovat bezprost\u0159edn\u011b po vykon\u00e1n\u00ed jedn\u00e9 p\u0159est\u00e1vky neprodlen\u011b pauzu dal\u0161\u00ed. To by se je\u0161t\u011b dalo zvl\u00e1dnout jednou, dvakr\u00e1t, ano, mo\u017en\u00e1 i t\u0159ikr\u00e1t. Pak u\u017e se n\u00e1m jeho vyd\u00edr\u00e1n\u00ed jevilo ne\u00fanosn\u00fdm a Tom\u00e1\u0161 prost\u011b zastavil o n\u011bco pozd\u011bji. No&#8230; nebudu to rozmaz\u00e1vat. Parkovi\u0161t\u011b opou\u0161t\u011bl pan \u201eK.\u201c v nov\u00fdch kalhot\u00e1ch a na asfaltu pomalu zasychaly mokr\u00e9 \u0165\u00e1poty.<\/p>\n\n\n\n<p>Do Schladmingu jsme dojeli uprost\u0159ed noci s rozestupem asi 30 minut. Kemp byl samoz\u0159ejm\u011b v rekonstrukci a nefungoval. Ka\u017edop\u00e1dn\u011b nebylo slo\u017eit\u00e9 zvednout z\u00e1voru a vjet auty na louku, kter\u00e1 byla podle mapy jeho sou\u010d\u00e1st\u00ed. Pomalu se za\u010dalo d\u00e1vat do de\u0161t\u011b. Proto jsme rozt\u00e1hli ob\u0159\u00ed stan, kter\u00fdm n\u00e1s vybavil n\u00e1\u0161 sponzor SDH Santa Cruz, a po obvykl\u00e9m vz\u00e1jemn\u00e9m povym\u011b\u0148ov\u00e1n\u00ed z\u00e1\u017eitk\u016f z cesty a vypit\u00ed kal\u00ed\u0161ku n\u011bjak\u00e9ho toho \u0161l\u00e1ftru\u0148ku v o\u010dek\u00e1v\u00e1n\u00ed z\u00edt\u0159ej\u0161\u00edho dobrodru\u017estv\u00ed spokojen\u011b usnuli.<\/p>\n\n\n<div class=\"wp-block-image\">\n<figure class=\"alignleft is-resized\"><img loading=\"lazy\" decoding=\"async\" src=\"https:\/\/www.worwani.eu\/wp-content\/uploads\/2023\/05\/IMG_20230506_112442.jpg\" alt=\"\" class=\"wp-image-2773\" width=\"276\" height=\"368\" srcset=\"https:\/\/www.worwani.eu\/wp-content\/uploads\/2023\/05\/IMG_20230506_112442.jpg 494w, https:\/\/www.worwani.eu\/wp-content\/uploads\/2023\/05\/IMG_20230506_112442-225x300.jpg 225w, https:\/\/www.worwani.eu\/wp-content\/uploads\/2023\/05\/IMG_20230506_112442-113x150.jpg 113w\" sizes=\"auto, (max-width: 276px) 100vw, 276px\" \/><\/figure>\n<\/div>\n\n\n<p>N\u00e1sleduj\u00edc\u00edho r\u00e1na nebylo po de\u0161ti ani pam\u00e1tky. Slun\u00ed\u010dko se na n\u00e1s usm\u00edvalo a my hled\u011bli na z\u010d\u00e1sti je\u0161t\u011b zasn\u011b\u017een\u00e9 sjezdovky na okoln\u00edch kopc\u00edch. Po vydatn\u00e9 sn\u00eddani a nezbytn\u00e9 k\u00e1vi\u010dce jsme nedo\u010dkav\u011b zam\u00ed\u0159ili do Mandlingu, n\u00e1stupn\u00edho m\u00edsta dne\u0161n\u00edho, zhruba dev\u00edtikilometrov\u00e9ho \u00faseku. Vody bylo v \u0159ece opravdu hodn\u011b, z mostu hned za n\u00e1stupem jsme ohromen\u011b sledovali m\u00edsto s velik\u00fdmi vlnami a tajn\u011b doufali, \u017ee d\u00e1l to bude lep\u0161\u00ed. Nebylo na co \u010dekat, Enns jsme m\u011bli toho dne v pl\u00e1nu sjet dvakr\u00e1t. P\u0159evlek do je\u0161t\u011b such\u00e9ho hydra, rychl\u00e9 prota\u017een\u00ed a hur\u00e1 na vodu. P\u0159i\u0161lo mi, \u017ee n\u00e1\u0161 respekt z \u00favodn\u00ed pas\u00e1\u017ee byl v\u00fdrazn\u011b mohutn\u011bj\u0161\u00ed, ne\u017e pas\u00e1\u017e sama. V\u0161ichni projeli bez ztr\u00e1ty kyti\u010dky a velkou rychlost\u00ed se hrnuli d\u00e1l. V n\u011bkter\u00fdch m\u00edstech byly fakt po\u0159\u00e1dn\u00e9 vlny, ale technicky naprosto pohodov\u00e1 voda. Pom\u011brn\u011b brzy jsme se octli u v\u00fdstupu, rychle nav\u00e1zali lod\u011b a vyrazili na druh\u00e9 kolo. Tam u\u017e respekt pochopiteln\u011b pon\u011bkud opadl a ruku v ruce s t\u00edm se nevyhnuteln\u011b dostavily prvn\u00ed krysy. Nejd\u0159\u00edv zaplaval Dejf hned v \u00favodn\u00ed zat\u00e1\u010dce. Proplaval si poctiv\u00fdch 300 metr\u016f a vypil asi tak p\u016flku En\u017ee. N\u011bkde uprost\u0159ed \u00faseku se vykoupal i Prokop, ten ale nekrauloval tak dlouho, nakonec se dostal na b\u0159eh za pomoci Sl\u016fni a jeho efektn\u00edho b\u0159ehul\u00e1ka. Shodli jsme se, \u017ee toho mu po\u010d\u00edtat nebudem, bo \u0161lo o z\u00e1chranu kamar\u00e1da. Koho pak ale zachra\u0148oval na v\u00fdstupu, to fakt nev\u00edm&#8230;<\/p>\n\n\n<div class=\"wp-block-image\">\n<figure class=\"alignright is-resized\"><img loading=\"lazy\" decoding=\"async\" src=\"https:\/\/www.worwani.eu\/wp-content\/uploads\/2023\/05\/IMG_20230506_125759.jpg\" alt=\"\" class=\"wp-image-2775\" width=\"310\" height=\"232\" srcset=\"https:\/\/www.worwani.eu\/wp-content\/uploads\/2023\/05\/IMG_20230506_125759.jpg 877w, https:\/\/www.worwani.eu\/wp-content\/uploads\/2023\/05\/IMG_20230506_125759-300x225.jpg 300w, https:\/\/www.worwani.eu\/wp-content\/uploads\/2023\/05\/IMG_20230506_125759-768x576.jpg 768w, https:\/\/www.worwani.eu\/wp-content\/uploads\/2023\/05\/IMG_20230506_125759-600x450.jpg 600w, https:\/\/www.worwani.eu\/wp-content\/uploads\/2023\/05\/IMG_20230506_125759-200x150.jpg 200w, https:\/\/www.worwani.eu\/wp-content\/uploads\/2023\/05\/IMG_20230506_125759-150x113.jpg 150w, https:\/\/www.worwani.eu\/wp-content\/uploads\/2023\/05\/IMG_20230506_125759-160x120.jpg 160w\" sizes=\"auto, (max-width: 310px) 100vw, 310px\" \/><\/figure>\n<\/div>\n\n\n<p>Po p\u0159evle\u010den\u00ed z mokr\u00fdch hadr\u016f jsme shledali, \u017ee m\u00e1me hlad a z\u00e1libn\u011b obhl\u00ed\u017eeli von\u00edc\u00ed Tom\u016fv gul\u00e1\u0161ek. N\u011bkdo n\u00e1m ho ale z\u0159ejm\u011b nep\u0159\u00e1l, proto\u017ee u\u017e skoro bublaj\u00edc\u00ed kastr\u00f3l se k na\u0161\u00ed hr\u016fze pojednou porou\u010del do tr\u00e1vy&#8230; No, nev\u00edm, jak to Tom\u00e1\u0161 d\u011bl\u00e1, ale sesb\u00edral maso, s\u00e1hl kamsi do auta pro p\u00e1r pytl\u00edk\u016f a vodu a za t\u0159i, \u010dty\u0159i minuty m\u011bl gul\u00e1\u0161 nov\u00fd a rovnou n\u00e1m ho serv\u00edroval k j\u00eddlu. G\u00e9nius.<\/p>\n\n\n<div class=\"wp-block-image\">\n<figure class=\"alignleft is-resized\"><img loading=\"lazy\" decoding=\"async\" src=\"https:\/\/www.worwani.eu\/wp-content\/uploads\/2023\/05\/IMG_20230506_152016_edit_20875038316084.jpg\" alt=\"\" class=\"wp-image-2776\" width=\"343\" height=\"228\" srcset=\"https:\/\/www.worwani.eu\/wp-content\/uploads\/2023\/05\/IMG_20230506_152016_edit_20875038316084.jpg 988w, https:\/\/www.worwani.eu\/wp-content\/uploads\/2023\/05\/IMG_20230506_152016_edit_20875038316084-300x200.jpg 300w, https:\/\/www.worwani.eu\/wp-content\/uploads\/2023\/05\/IMG_20230506_152016_edit_20875038316084-768x511.jpg 768w, https:\/\/www.worwani.eu\/wp-content\/uploads\/2023\/05\/IMG_20230506_152016_edit_20875038316084-600x400.jpg 600w, https:\/\/www.worwani.eu\/wp-content\/uploads\/2023\/05\/IMG_20230506_152016_edit_20875038316084-225x150.jpg 225w, https:\/\/www.worwani.eu\/wp-content\/uploads\/2023\/05\/IMG_20230506_152016_edit_20875038316084-150x100.jpg 150w, https:\/\/www.worwani.eu\/wp-content\/uploads\/2023\/05\/IMG_20230506_152016_edit_20875038316084-120x80.jpg 120w\" sizes=\"auto, (max-width: 343px) 100vw, 343px\" \/><\/figure>\n<\/div>\n\n\n<p>Po ob\u011bd\u011b jsme p\u0159i\u0161modrchali lod\u011b na vleky, z\u00e1sobili se pitivem a vyrazili p\u0159es sedlo a ly\u017ea\u0159sk\u00e9 st\u0159edisko Obertauern do kempu v Tamswegu na b\u0159ehu \u0159eky S\u00fcdliche Taurach. Naho\u0159e bylo je\u0161t\u011b celkem dost sn\u011bhu a na\u0161e auto prost\u011b jelo rychleji, tak\u017ee kdy\u017e po n\u011bjak\u00e9 chv\u00edli za n\u00e1mi zastavili kluci, m\u011bli jsme u\u017e slu\u0161nou z\u00e1sobu koul\u00ed a pustili se do nich.<\/p>\n\n\n\n<p>Kemp v Tamswegu byl otev\u0159enej a a\u017e na p\u00e1r d\u016fchodc\u016f v nepoj\u00edzdn\u00fdch, jako chatky funguj\u00edc\u00edch karavanech, \u00fapln\u011b pr\u00e1zdnej. Zabrali jsme velkej rovnej plac a rovnou postavili n\u00e1\u0161 hang\u00e1r. Pod n\u00edm pak pokra\u010doval n\u00e1\u0161 u\u017e v autech solidn\u011b rozjetej mejdan. Na p\u0159et\u0159es toho ve\u010dera p\u0159i\u0161ly nejroztodivn\u011bj\u0161\u00ed historky. Nejzaj\u00edmav\u011bj\u0161\u00ed byl asi mysteri\u00f3zn\u00ed p\u0159\u00edpad d\u011bdka z Klane\u010dn\u00fd, po kter\u00fdm Sl\u016f\u0148a zd\u011bdil dobr\u00fd vlasy, ale kterej v\u016fbec nen\u00ed jeho p\u0159\u00edbuznej&#8230;<\/p>\n\n\n<div class=\"wp-block-image\">\n<figure class=\"alignright is-resized\"><img loading=\"lazy\" decoding=\"async\" src=\"https:\/\/www.worwani.eu\/wp-content\/uploads\/2023\/05\/IMG_20230508_092418.jpg\" alt=\"\" class=\"wp-image-2770\" width=\"376\" height=\"282\" srcset=\"https:\/\/www.worwani.eu\/wp-content\/uploads\/2023\/05\/IMG_20230508_092418.jpg 877w, https:\/\/www.worwani.eu\/wp-content\/uploads\/2023\/05\/IMG_20230508_092418-300x225.jpg 300w, https:\/\/www.worwani.eu\/wp-content\/uploads\/2023\/05\/IMG_20230508_092418-768x576.jpg 768w, https:\/\/www.worwani.eu\/wp-content\/uploads\/2023\/05\/IMG_20230508_092418-600x450.jpg 600w, https:\/\/www.worwani.eu\/wp-content\/uploads\/2023\/05\/IMG_20230508_092418-200x150.jpg 200w, https:\/\/www.worwani.eu\/wp-content\/uploads\/2023\/05\/IMG_20230508_092418-150x113.jpg 150w, https:\/\/www.worwani.eu\/wp-content\/uploads\/2023\/05\/IMG_20230508_092418-160x120.jpg 160w\" sizes=\"auto, (max-width: 376px) 100vw, 376px\" \/><\/figure>\n<\/div>\n\n\n<p>Na to, jak pozd\u011b a v jak\u00e9m stavu jsem \u0161el t\u00e9 noci sp\u00e1t, jsem se vzbudil dost brzo. Chv\u00edli jsem se povaloval ve spac\u00e1ku, ale to m\u011b moc nebavilo, tak jsem vyrazil omrknout Taurach. P\u0159i\u0161lo mi, \u017ee vody je v \u0159ece a\u017ea\u017e a zrovna u kempu nebylo nic, co by se extra hodilo k zastaven\u00ed v\u011bt\u0161\u00edho po\u010dtu lod\u00ed najednou. Jako \u2013 vrac\u00e1ky tam byly sice kr\u00e1sn\u00fd, ale v\u0161echny na druh\u00fdm b\u0159ehu. Kdy\u017e jsem se vr\u00e1til, kluci u\u017e m\u017eourali ze spac\u00e1k\u016f. Dali jsme sn\u00eddani a vyrazili proti proudu hledat n\u011bjakej kloudnej n\u00e1stup. Ten jsme nakonec na\u0161li v Mauterndorfu, kr\u00e1sn\u00fdm st\u0159edov\u011bk\u00fdm m\u011bste\u010dku s je\u0161t\u011b kr\u00e1sn\u011bj\u0161\u00edm hradem na kopci. Proto\u017ee i ty nejprostorn\u011bj\u0161\u00ed m\u00edstn\u00ed bulv\u00e1ry maj na \u0161\u00ed\u0159ku tak max. 3,5 metru, vzali jsme nakonec zavd\u011bk parkovi\u0161t\u011bm u jak\u00fdhosi obchodu. Rychl\u00e1 p\u0159evl\u00edka\u010dka, rozlou\u010den\u00ed s Prokopem, kterej se rozhodl tento den vynechat \u2013 a \u0161up na vodu.<\/p>\n\n\n<div class=\"wp-block-image\">\n<figure class=\"alignleft is-resized\"><img loading=\"lazy\" decoding=\"async\" src=\"https:\/\/www.worwani.eu\/wp-content\/uploads\/2023\/05\/IMG_20230507_121655.jpg\" alt=\"\" class=\"wp-image-2777\" width=\"424\" height=\"318\" srcset=\"https:\/\/www.worwani.eu\/wp-content\/uploads\/2023\/05\/IMG_20230507_121655.jpg 877w, https:\/\/www.worwani.eu\/wp-content\/uploads\/2023\/05\/IMG_20230507_121655-300x225.jpg 300w, https:\/\/www.worwani.eu\/wp-content\/uploads\/2023\/05\/IMG_20230507_121655-768x576.jpg 768w, https:\/\/www.worwani.eu\/wp-content\/uploads\/2023\/05\/IMG_20230507_121655-600x450.jpg 600w, https:\/\/www.worwani.eu\/wp-content\/uploads\/2023\/05\/IMG_20230507_121655-200x150.jpg 200w, https:\/\/www.worwani.eu\/wp-content\/uploads\/2023\/05\/IMG_20230507_121655-150x113.jpg 150w, https:\/\/www.worwani.eu\/wp-content\/uploads\/2023\/05\/IMG_20230507_121655-160x120.jpg 160w\" sizes=\"auto, (max-width: 424px) 100vw, 424px\" \/><\/figure>\n<\/div>\n\n\n<p>Taurach byl ukrutn\u011b studenej a opravdu svi\u017enej. Tady naho\u0159e byl srovnanej jakousi prastarou d\u0159ev\u011bnou navigac\u00ed, tak\u017ee dlouh\u00fd \u00faseky byly skoro rovn\u00fd a t\u011b\u017eko se hledaly jak\u00fdkoli v\u011bt\u0161\u00ed vrac\u00e1ky. Postupn\u011b se \u0159eka rozklikatila a objevila se spousta hezk\u00fdch cvi\u010dn\u00fdch m\u00edste\u010dek. Nav\u00edc, proto\u017ee nen\u00ed sev\u0159en\u00e1 ve vysok\u00fdch b\u0159ez\u00edch, ale te\u010de tak\u0159ka po louce, otv\u00edraly se z vody par\u00e1dn\u00ed pohledy na okoln\u00ed krajinu, pastviny, vesni\u010dky a je\u0161t\u011b zasn\u011b\u017een\u00e9 \u0161t\u00edty hor. Fakt kr\u00e1sa! Na kraji jedn\u00e9 vesnice se z k\u0159ov\u00ed p\u0159ed n\u00e1mi vyloupl pom\u011brn\u011b vysok\u00fd kamenit\u00fd stupe\u0148. Nebylo moc kde zastavit, ale n\u011bjak jsme se pochytali a \u0161li to omrknout. Nezd\u00e1lo se to nijak hrozn\u00fd, jenom ta zp\u011bn\u011bn\u00e1 voda trochu zav\u00e1n\u011bla n\u011bjak\u00fdm z\u00e1ke\u0159n\u011b za\u0161it\u00fdm \u0161utrem. Prvn\u00ed jeli gum\u00e1ci a projeli \u00fapln\u011b na pohodu. Pak j\u00e1 s kamerou a postupn\u011b v\u0161ichni ostatn\u00ed. Ten \u0161utr tam fakt byl a m\u00e1lokdo ho v\u016fbec nepotkal. Posledn\u00ed jel K\u00e1j\u00edk a kdy\u017e byl v p\u016flce pe\u0159eje, B\u00e1be najednou prohl\u00e1sil: \u201ePod\u00edvejte, Karel si jede pro krysu!\u201c Na ten povel se Karlos beze slova vrhl po hlav\u011b do vody a po chvilce \u0161kub\u00e1n\u00ed zasekl\u00e9 nohy velkolep\u011b vykrysil.<\/p>\n\n\n<div class=\"wp-block-image\">\n<figure class=\"alignright is-resized\"><img loading=\"lazy\" decoding=\"async\" src=\"http:\/\/www.worwani.eu\/wp-content\/uploads\/2023\/05\/Obrazek-WhatsApp-2023-05-07-v-11.52.35.jpg\" alt=\"\" class=\"wp-image-2780\" width=\"392\" height=\"294\" srcset=\"https:\/\/www.worwani.eu\/wp-content\/uploads\/2023\/05\/Obrazek-WhatsApp-2023-05-07-v-11.52.35.jpg 1824w, https:\/\/www.worwani.eu\/wp-content\/uploads\/2023\/05\/Obrazek-WhatsApp-2023-05-07-v-11.52.35-300x225.jpg 300w, https:\/\/www.worwani.eu\/wp-content\/uploads\/2023\/05\/Obrazek-WhatsApp-2023-05-07-v-11.52.35-1024x768.jpg 1024w, https:\/\/www.worwani.eu\/wp-content\/uploads\/2023\/05\/Obrazek-WhatsApp-2023-05-07-v-11.52.35-768x576.jpg 768w, https:\/\/www.worwani.eu\/wp-content\/uploads\/2023\/05\/Obrazek-WhatsApp-2023-05-07-v-11.52.35-600x450.jpg 600w, https:\/\/www.worwani.eu\/wp-content\/uploads\/2023\/05\/Obrazek-WhatsApp-2023-05-07-v-11.52.35-1536x1152.jpg 1536w, https:\/\/www.worwani.eu\/wp-content\/uploads\/2023\/05\/Obrazek-WhatsApp-2023-05-07-v-11.52.35-200x150.jpg 200w, https:\/\/www.worwani.eu\/wp-content\/uploads\/2023\/05\/Obrazek-WhatsApp-2023-05-07-v-11.52.35-150x113.jpg 150w, https:\/\/www.worwani.eu\/wp-content\/uploads\/2023\/05\/Obrazek-WhatsApp-2023-05-07-v-11.52.35-160x120.jpg 160w\" sizes=\"auto, (max-width: 392px) 100vw, 392px\" \/><\/figure>\n<\/div>\n\n\n<p>D\u00e1l byla \u0159eka po\u0159\u00e1d kr\u00e1sn\u00e1. Roz\u0161\u00ed\u0159ila se a ka\u017edou chv\u00edli se p\u0159ed n\u00e1mi vyloupl stupe\u0148 s p\u011bkn\u00fdmi vlnami. Po b\u0159ehu vedla cyklostezka. Vylezli jsme u jak\u00e9si l\u00e1vky na cig\u00e1rko a po chv\u00edli si v\u0161imli, \u017ee se k n\u00e1m opatrn\u011b bl\u00ed\u017e\u00ed pan\u00ed na biokole. Z\u0159ejm\u011b se b\u00e1la, aby se biokolo p\u0159i kontaktu s partou smrdut\u00fdch primitiv\u016f nespla\u0161ilo, ale z\u00e1rove\u0148 byla zv\u011bdav\u00e1 a cht\u011bla trochu pokonverzovat. Bohu\u017eel s n\u00e1mi nebyl Prokop, tak\u017ee se presti\u017en\u00edho postu zmocn\u011bnce pro n\u011bmecky hovo\u0159\u00edc\u00ed krajiny ujal Pafka. Vykro\u010dil j\u00ed sebev\u011bdom\u011b v \u00fastrety a za mocn\u00e9ho rachotu v\u00fdfukov\u00fdch plyn\u016f a n\u011bkoliker\u00e9ho bohat\u00fdrsk\u00e9ho od\u0159\u00edhnut\u00ed se j\u00ed sna\u017eil vsugerovat, \u017ee takhle vypad\u00e1 n\u011bm\u010dina. Pak na\u0161t\u011bst\u00ed Mirase napadlo zeptat se, jestli neum\u00ed englicky. Pan\u00ed z tv\u00e1\u0159e zmizel napjat\u00fd v\u00fdraz, kter\u00fd se tam us\u00eddlil p\u0159i pozorov\u00e1n\u00ed Pafkovo tane\u010dk\u016f, a norm\u00e1ln\u011b jsme se domluvili.<\/p>\n\n\n<div class=\"wp-block-image\">\n<figure class=\"alignleft is-resized\"><img loading=\"lazy\" decoding=\"async\" src=\"http:\/\/www.worwani.eu\/wp-content\/uploads\/2023\/05\/Obrazek-WhatsApp-2023-05-09-v-20.25.40.jpg\" alt=\"\" class=\"wp-image-2782\" width=\"348\" height=\"261\" srcset=\"https:\/\/www.worwani.eu\/wp-content\/uploads\/2023\/05\/Obrazek-WhatsApp-2023-05-09-v-20.25.40.jpg 2016w, https:\/\/www.worwani.eu\/wp-content\/uploads\/2023\/05\/Obrazek-WhatsApp-2023-05-09-v-20.25.40-300x225.jpg 300w, https:\/\/www.worwani.eu\/wp-content\/uploads\/2023\/05\/Obrazek-WhatsApp-2023-05-09-v-20.25.40-1024x768.jpg 1024w, https:\/\/www.worwani.eu\/wp-content\/uploads\/2023\/05\/Obrazek-WhatsApp-2023-05-09-v-20.25.40-768x576.jpg 768w, https:\/\/www.worwani.eu\/wp-content\/uploads\/2023\/05\/Obrazek-WhatsApp-2023-05-09-v-20.25.40-600x450.jpg 600w, https:\/\/www.worwani.eu\/wp-content\/uploads\/2023\/05\/Obrazek-WhatsApp-2023-05-09-v-20.25.40-1536x1152.jpg 1536w, https:\/\/www.worwani.eu\/wp-content\/uploads\/2023\/05\/Obrazek-WhatsApp-2023-05-09-v-20.25.40-200x150.jpg 200w, https:\/\/www.worwani.eu\/wp-content\/uploads\/2023\/05\/Obrazek-WhatsApp-2023-05-09-v-20.25.40-150x113.jpg 150w, https:\/\/www.worwani.eu\/wp-content\/uploads\/2023\/05\/Obrazek-WhatsApp-2023-05-09-v-20.25.40-160x120.jpg 160w\" sizes=\"auto, (max-width: 348px) 100vw, 348px\" \/><\/figure>\n<\/div>\n\n\n<p>T\u011bsn\u011b p\u0159ed v\u00fdstupem u kempu n\u00e1s m\u011bl \u010dekat vyhl\u00e1\u0161en\u00fd sedmimetrov\u00fd t\u0159\u00edstup\u0148ov\u00fd jez, kter\u00fd je \u00fadajn\u011b v pohod\u011b sj\u00edzdn\u00fd. Bohu\u017eel se p\u0159ed n\u00edm ned\u00e1 dost dob\u0159e zastavit, tak\u017ee jsme se na obhl\u00eddku brodili ba\u017einou, k\u0159ov\u00edm, po kolej\u00edch&#8230; a kolem ukrutn\u011b p\u00e1chnouc\u00edho houna, kter\u00fd tam n\u011bkde nam\u00e1zl El Recyclatore. No, jez vypadal fakt velkolep\u011b, ale nejel bych ho ani za zlat\u00fd prase. Mo\u017en\u00e1 tak v srpnu, a\u017e bude \u0159eka bez vody. Takhle to zav\u00e1n\u011blo velik\u00fdm pr\u016f\u0161vihem, tak\u017ee jsme si nechali zaj\u00edt chu\u0165 a p\u0159enesli. To u\u017e jsme ale byli na dohled od kempu a po p\u00e1r minut\u00e1ch tahali lod\u011b z vody na v\u00fdstupu.<\/p>\n\n\n\n<p>Dohodli jsme se, \u017ee druhou j\u00edzdu u\u017e nepojedeme. Po gul\u00e1\u0161ku jsme se nechali vyv\u00e9zt nahoru k hradu a pro\u0161li si m\u011bste\u010dko. Kolem burgu se popelilo p\u00e1r turist\u016f, ale jinak nebylo nikde ani \u017eiv\u00e1\u010dka. Na\u0161e vozidlo \u201eA\u201c potom je\u0161t\u011b vyrazilo na obhl\u00eddku dvou t\u011b\u017ek\u00fdch m\u00edst na Muru, kter\u00fd jsme cht\u011bli jet n\u00e1sleduj\u00edc\u00edho dne. \u0158eka byla podle vodo\u010dtu v \u010derven\u00fdch \u010d\u00edslech a nem\u016f\u017eu \u0159\u00edct, \u017ee by se n\u00e1m n\u011bjak extra l\u00edbila. Proto se celkem rychle uchytil n\u00e1vrh d\u00e1t si r\u00e1no znovu Taurach, kterej n\u00e1s nadchl, tentokr\u00e1t i s Prokopem. Po odpoledn\u00edm de\u0161t\u00edku se k ve\u010deru zase ud\u011blalo hezky a my si u\u017eili grilova\u010dku a b\u00e9k\u00e1n\u00ed u kyt\u00e1rek.<\/p>\n\n\n<div class=\"wp-block-image\">\n<figure class=\"alignright is-resized\"><img loading=\"lazy\" decoding=\"async\" src=\"http:\/\/www.worwani.eu\/wp-content\/uploads\/2023\/05\/Obrazek-WhatsApp-2023-05-09-v-20.25.49.jpg\" alt=\"\" class=\"wp-image-2783\" width=\"427\" height=\"320\" srcset=\"https:\/\/www.worwani.eu\/wp-content\/uploads\/2023\/05\/Obrazek-WhatsApp-2023-05-09-v-20.25.49.jpg 2016w, https:\/\/www.worwani.eu\/wp-content\/uploads\/2023\/05\/Obrazek-WhatsApp-2023-05-09-v-20.25.49-300x225.jpg 300w, https:\/\/www.worwani.eu\/wp-content\/uploads\/2023\/05\/Obrazek-WhatsApp-2023-05-09-v-20.25.49-1024x768.jpg 1024w, https:\/\/www.worwani.eu\/wp-content\/uploads\/2023\/05\/Obrazek-WhatsApp-2023-05-09-v-20.25.49-768x576.jpg 768w, https:\/\/www.worwani.eu\/wp-content\/uploads\/2023\/05\/Obrazek-WhatsApp-2023-05-09-v-20.25.49-600x450.jpg 600w, https:\/\/www.worwani.eu\/wp-content\/uploads\/2023\/05\/Obrazek-WhatsApp-2023-05-09-v-20.25.49-1536x1152.jpg 1536w, https:\/\/www.worwani.eu\/wp-content\/uploads\/2023\/05\/Obrazek-WhatsApp-2023-05-09-v-20.25.49-200x150.jpg 200w, https:\/\/www.worwani.eu\/wp-content\/uploads\/2023\/05\/Obrazek-WhatsApp-2023-05-09-v-20.25.49-150x113.jpg 150w, https:\/\/www.worwani.eu\/wp-content\/uploads\/2023\/05\/Obrazek-WhatsApp-2023-05-09-v-20.25.49-160x120.jpg 160w\" sizes=\"auto, (max-width: 427px) 100vw, 427px\" \/><\/figure>\n<\/div>\n\n\n<p>N\u00e1sleduj\u00edc\u00ed r\u00e1no nebylo \u00fapln\u011b slune\u010dn\u00e9, ale vypadalo to, \u017ee se to p\u0159i tro\u0161e \u0161t\u011bst\u00ed vyloupne. Zkontrolovali jsme vodo\u010dty a v \u010derven\u00e9m p\u00e1smu se pohybuj\u00edc\u00ed Mur n\u00e1s utvrdil v tom, \u017ee Taurach bude na posledn\u00ed p\u00e1dlovac\u00ed den dobrou volbou. Stan jsme zat\u00edm nechali st\u00e1t \u2013 po splut\u00ed jsme si tady je\u0161t\u011b cht\u011bli d\u00e1t j\u00eddlo \u2013 a op\u011bt vyrazili nahoru do Mauterndorfu. V\u00fdstup jsme tentokr\u00e1t napl\u00e1novali o n\u011bco d\u0159\u00edv, abychom zas nemuseli p\u0159etahovat ten b\u011bsnej jez. Voda op\u011bt kr\u00e1sn\u00e1. Stupe\u0148 s \u0161utrem jsme tentokr\u00e1t neprohl\u00ed\u017eeli a rovnou do n\u011bj napadali. Krysy \u2013 no, vlastn\u011b v tom nem\u00e1m jasno&#8230; Zastavili jsme na m\u00edst\u011b, kde Pafka p\u0159ede\u0161l\u00e9ho dne konverzoval s pan\u00ed na biokole a najednou kouk\u00e1me, jak zpoza ro\u0161t\u00ed p\u0159iplouv\u00e1 \u010dervenej kajak a chv\u00edli po n\u011bm Dejf. N\u011bjak se to zamluvilo, tak vlastn\u011b nev\u00edm, jestli to byl b\u0159ehul\u00e1k, nepovedenej eskym\u00e1k, regul\u00e9rn\u00ed krysa, nebo k\u00fdho vejra&#8230;<\/p>\n\n\n<div class=\"wp-block-image\">\n<figure class=\"alignleft is-resized\"><img loading=\"lazy\" decoding=\"async\" src=\"http:\/\/www.worwani.eu\/wp-content\/uploads\/2023\/05\/Obrazek-WhatsApp-2023-05-09-v-20.25.38.jpg\" alt=\"\" class=\"wp-image-2781\" width=\"322\" height=\"242\" srcset=\"https:\/\/www.worwani.eu\/wp-content\/uploads\/2023\/05\/Obrazek-WhatsApp-2023-05-09-v-20.25.38.jpg 2016w, https:\/\/www.worwani.eu\/wp-content\/uploads\/2023\/05\/Obrazek-WhatsApp-2023-05-09-v-20.25.38-300x225.jpg 300w, https:\/\/www.worwani.eu\/wp-content\/uploads\/2023\/05\/Obrazek-WhatsApp-2023-05-09-v-20.25.38-1024x768.jpg 1024w, https:\/\/www.worwani.eu\/wp-content\/uploads\/2023\/05\/Obrazek-WhatsApp-2023-05-09-v-20.25.38-768x576.jpg 768w, https:\/\/www.worwani.eu\/wp-content\/uploads\/2023\/05\/Obrazek-WhatsApp-2023-05-09-v-20.25.38-600x450.jpg 600w, https:\/\/www.worwani.eu\/wp-content\/uploads\/2023\/05\/Obrazek-WhatsApp-2023-05-09-v-20.25.38-1536x1152.jpg 1536w, https:\/\/www.worwani.eu\/wp-content\/uploads\/2023\/05\/Obrazek-WhatsApp-2023-05-09-v-20.25.38-200x150.jpg 200w, https:\/\/www.worwani.eu\/wp-content\/uploads\/2023\/05\/Obrazek-WhatsApp-2023-05-09-v-20.25.38-150x113.jpg 150w, https:\/\/www.worwani.eu\/wp-content\/uploads\/2023\/05\/Obrazek-WhatsApp-2023-05-09-v-20.25.38-160x120.jpg 160w\" sizes=\"auto, (max-width: 322px) 100vw, 322px\" \/><\/figure>\n<\/div>\n\n\n<p>Na v\u00fdstupu nikdo ne\u010dekal. Vzpomn\u011bli jsme si, \u017ee na\u0161e auto \u0159\u00edd\u00ed El Recyclatore a ten v\u010dera pob\u00edhal po kempu s haldou let\u00e1k\u016f a nad\u0161en\u011b vyk\u0159ikoval, \u017ee v n\u011bjak\u00fdm m\u00edstn\u00edm marketu maj v akci bonsaje. No, nekup to! P\u0159ekvapiv\u011b p\u0159ijel pom\u011brn\u011b brzy a kupodivu \u017e\u00e1dn\u00fd bonsaje nevezl. V kempu jsme pak dali g\u00e1bl\u00edk, sbalili na\u0161e cajky, domluvili se, \u017ee pojedem spole\u010dn\u011b mimo \u010desk\u00fd d\u00e1lnice, bo Mi\u0161\u00e1l nem\u00e1 zn\u00e1mku a&#8230; hned na prvn\u00ed k\u0159i\u017eovatce zjistili, \u017ee druh\u00fd auto za n\u00e1ma nen\u00ed a fr\u010d\u00ed \u00fapln\u011b jinudy. To\u017e jsme jeli na vlastn\u00ed p\u011bst. Cesta za ob\u010dasn\u00e9ho pochrup\u00e1v\u00e1n\u00ed celkem odsejpala. T\u011bsn\u011b p\u0159ed hranicema se ale navigace rozhodla, \u017ee si n\u00e1s trochu povod\u00ed a uk\u00e1\u017ee n\u00e1m je\u0161t\u011b kus Rakouska s n\u00e1dhern\u00fdmi v\u00fdhledy na zalesn\u011bn\u00e9 p\u0159\u00edhrani\u010dn\u00ed kopce. Blb\u00fd bylo, \u017ee jsme po\u010d\u00edtali s benz\u00ednkou na Dvo\u0159i\u0161ti a v n\u00e1dr\u017ei nem\u011bli nic. V krp\u00e1lu uprost\u0159ed hvozd\u016f n\u00e1m auto pravilo, \u017ee nem\u00e1 \u0161\u0165\u00e1vu a navigace se vytasila s jakousi hypotetickou benz\u00ednkou vzd\u00e1lenou asi 13 kilometr\u016f. Modlili jsme se, aby byla otev\u0159en\u00e1. Kupodivu byla, ale v\u016fbec nev\u00edm, na co jsme k n\u00ed dojeli. Na naftu ur\u010dit\u011b ne. Po pantomimick\u00e9m rozhovoru s lidumiln\u00fdm pumpa\u0159em, kter\u00fd, vida na\u0161e zb\u011bdovan\u00e9 zevn\u011bj\u0161ky, jal se n\u00e1m vnucovat zadarmo \u010derstv\u011b upe\u010den\u00fd chl\u00e9b, jsme kone\u010dn\u011b zam\u00ed\u0159ili u\u017e opravdu do \u010cech.<\/p>\n\n\n\n<p>Kamar\u00e1di, zase m\u011b to s v\u00e1ma kurevsky bavilo. A\u0165 a\u0165 a\u0165 a\u0165!!!!!<\/p>\n","protected":false},"excerpt":{"rendered":"<p><img loading=\"lazy\" decoding=\"async\" src=\"https:\/\/www.worwani.eu\/wp-content\/uploads\/2023\/05\/IMG_20230506_123534.jpg\" alt=\"\" class=\"wp-image-2774\" width=\"391\" height=\"293\" srcset=\"https:\/\/www.worwani.eu\/wp-content\/uploads\/2023\/05\/IMG_20230506_123534.jpg 877w, https:\/\/www.worwani.eu\/wp-content\/uploads\/2023\/05\/IMG_20230506_123534-300x225.jpg 300w, https:\/\/www.worwani.eu\/wp-content\/uploads\/2023\/05\/IMG_20230506_123534-768x576.jpg 768w, https:\/\/www.worwani.eu\/wp-content\/uploads\/2023\/05\/IMG_20230506_123534-600x450.jpg 600w, https:\/\/www.worwani.eu\/wp-content\/uploads\/2023\/05\/IMG_20230506_123534-200x150.jpg 200w, https:\/\/www.worwani.eu\/wp-content\/uploads\/2023\/05\/IMG_20230506_123534-150x113.jpg 150w, https:\/\/www.worwani.eu\/wp-content\/uploads\/2023\/05\/IMG_20230506_123534-160x120.jpg 160w\" sizes=\"auto, (max-width: 391px) 100vw, 391px\" \/> <\/p>\n<p>Kamar\u00e1di, po nesm\u00edrn\u011b vyveden\u00e9 v\u00edkendov\u00e9 akci v Dobrohostov\u011b jsem na sob\u011b (a z\u00e1rove\u0148 i na B\u00e1bovi) shledal n\u011bkter\u00e9 znaky po\u010d\u00ednaj\u00edc\u00ed sta\u0159eck\u00e9 demence. Proto jsem usoudil, \u017ee bude nejlep\u0161\u00ed podat sv\u011bdectv\u00ed o na\u0161\u00ed leto\u0161n\u00ed cest\u011b do Alp neprodlen\u011b. Pozd\u011bji by toti\u017e mohl vzniknout p\u0159\u00edb\u011bh zcela jin\u00fd. Tedy:<\/p>\n<p>Stejn\u011b jako ka\u017ed\u00fd rok, i na leto\u0161ek jsme si napl\u00e1novali jarn\u00ed p\u00e1dlovac\u00ed z\u00e1jezd do ciziny. Term\u00edn byl s velk\u00fdm p\u0159edstihem stanoven na druh\u00fd kv\u011btnov\u00fd v\u00edkend prodlou\u017een\u00fd  \u2026 <a href=\"https:\/\/www.worwani.eu\/?p=2769\">pro pokra\u010dov\u00e1n\u00ed ve \u010dten\u00ed klikn\u011bte tady&#8230; <span class=\"meta-nav\">&rarr; <\/span><\/a><\/p>\n","protected":false},"author":24,"featured_media":0,"comment_status":"open","ping_status":"closed","sticky":false,"template":"","format":"standard","meta":{"_bbp_topic_count":0,"_bbp_reply_count":0,"_bbp_total_topic_count":0,"_bbp_total_reply_count":0,"_bbp_voice_count":0,"_bbp_anonymous_reply_count":0,"_bbp_topic_count_hidden":0,"_bbp_reply_count_hidden":0,"_bbp_forum_subforum_count":0,"footnotes":""},"categories":[1,6],"tags":[],"class_list":["post-2769","post","type-post","status-publish","format-standard","hentry","category-nezarazene","category-novinky"],"_links":{"self":[{"href":"https:\/\/www.worwani.eu\/index.php?rest_route=\/wp\/v2\/posts\/2769","targetHints":{"allow":["GET"]}}],"collection":[{"href":"https:\/\/www.worwani.eu\/index.php?rest_route=\/wp\/v2\/posts"}],"about":[{"href":"https:\/\/www.worwani.eu\/index.php?rest_route=\/wp\/v2\/types\/post"}],"author":[{"embeddable":true,"href":"https:\/\/www.worwani.eu\/index.php?rest_route=\/wp\/v2\/users\/24"}],"replies":[{"embeddable":true,"href":"https:\/\/www.worwani.eu\/index.php?rest_route=%2Fwp%2Fv2%2Fcomments&post=2769"}],"version-history":[{"count":10,"href":"https:\/\/www.worwani.eu\/index.php?rest_route=\/wp\/v2\/posts\/2769\/revisions"}],"predecessor-version":[{"id":2792,"href":"https:\/\/www.worwani.eu\/index.php?rest_route=\/wp\/v2\/posts\/2769\/revisions\/2792"}],"wp:attachment":[{"href":"https:\/\/www.worwani.eu\/index.php?rest_route=%2Fwp%2Fv2%2Fmedia&parent=2769"}],"wp:term":[{"taxonomy":"category","embeddable":true,"href":"https:\/\/www.worwani.eu\/index.php?rest_route=%2Fwp%2Fv2%2Fcategories&post=2769"},{"taxonomy":"post_tag","embeddable":true,"href":"https:\/\/www.worwani.eu\/index.php?rest_route=%2Fwp%2Fv2%2Ftags&post=2769"}],"curies":[{"name":"wp","href":"https:\/\/api.w.org\/{rel}","templated":true}]}}